{"id":15922,"date":"2025-09-13T18:08:31","date_gmt":"2025-09-13T16:08:31","guid":{"rendered":"https:\/\/www.bratislavadesignweek.sk\/?p=15922"},"modified":"2025-09-19T21:23:56","modified_gmt":"2025-09-19T19:23:56","slug":"open-call-school-area-tina-zsapka-no-rain-no-clouds","status":"publish","type":"post","link":"https:\/\/www.bratislavadesignweek.sk\/en\/open-call-school-area-tina-zsapka-no-rain-no-clouds\/","title":{"rendered":"OPEN CALL\/ SCHOOL AREA \/ TINA ZSAPKA: NO RAIN, NO CLOUDS"},"content":{"rendered":"<p>Ateli\u00e9r odevn\u00e9ho dizajnu, V\u0160VU Bratislava<\/p>\n\n\n\n<p><br>Projekt vznikol z osobn\u00e9ho z\u00e1\u017eitku straty a t\u00fa\u017eby po tichu. Odevy zbaven\u00e9 ornamentov zv\u00fdraz\u0148uj\u00fa \u010distotu formy, premyslen\u00fa kon\u0161trukciu, siluetu a pohyb. Ko\u0161ele aj pleten\u00e9 doplnky nes\u00fa stopy soch\u00e1rskeho uva\u017eovania. Proces premeny je pr\u00edtomn\u00fd v transform\u00e1cii star\u00fdch predmetov a nahromaden\u00e9ho odpadu z domu star\u00fdch rodi\u010dov \u2013 symbolov pracovitosti minul\u00fdch gener\u00e1ci\u00ed \u2013 na strihov\u00e9 diely a n\u00e1sledne na nosite\u013en\u00fd, s\u00fa\u010dasn\u00fd odev.<\/p>\n\n\n\n<figure class=\"wp-block-gallery has-nested-images columns-default is-cropped wp-block-gallery-1 is-layout-flex wp-block-gallery-is-layout-flex\">\n<figure class=\"wp-block-image size-large\"><a href=\"https:\/\/www.bratislavadesignweek.sk\/wp-content\/uploads\/2025\/09\/tina-zsapka.jpg\"><img fetchpriority=\"high\" decoding=\"async\" width=\"808\" height=\"1024\" data-id=\"15923\" src=\"https:\/\/www.bratislavadesignweek.sk\/wp-content\/uploads\/2025\/09\/tina-zsapka-808x1024.jpg\" alt=\"\" class=\"wp-image-15923\" srcset=\"https:\/\/www.bratislavadesignweek.sk\/wp-content\/uploads\/2025\/09\/tina-zsapka-808x1024.jpg 808w, https:\/\/www.bratislavadesignweek.sk\/wp-content\/uploads\/2025\/09\/tina-zsapka-237x300.jpg 237w, https:\/\/www.bratislavadesignweek.sk\/wp-content\/uploads\/2025\/09\/tina-zsapka-768x973.jpg 768w, https:\/\/www.bratislavadesignweek.sk\/wp-content\/uploads\/2025\/09\/tina-zsapka-1212x1536.jpg 1212w, https:\/\/www.bratislavadesignweek.sk\/wp-content\/uploads\/2025\/09\/tina-zsapka-1616x2048.jpg 1616w, https:\/\/www.bratislavadesignweek.sk\/wp-content\/uploads\/2025\/09\/tina-zsapka-9x12.jpg 9w, https:\/\/www.bratislavadesignweek.sk\/wp-content\/uploads\/2025\/09\/tina-zsapka.jpg 2020w\" sizes=\"(max-width: 808px) 100vw, 808px\" \/><\/a><\/figure>\n<\/figure>","protected":false},"excerpt":{"rendered":"<p>Ateli\u00e9r odevn\u00e9ho dizajnu, V\u0160VU Bratislava Projekt vznikol z osobn\u00e9ho z\u00e1\u017eitku straty a t\u00fa\u017eby po tichu. Odevy zbaven\u00e9 ornamentov zv\u00fdraz\u0148uj\u00fa \u010distotu formy, premyslen\u00fa kon\u0161trukciu, siluetu a pohyb. Ko\u0161ele aj pleten\u00e9 doplnky nes\u00fa stopy soch\u00e1rskeho uva\u017eovania. Proces premeny je pr\u00edtomn\u00fd v transform\u00e1cii star\u00fdch predmetov a nahromaden\u00e9ho odpadu z domu star\u00fdch rodi\u010dov \u2013 symbolov pracovitosti minul\u00fdch gener\u00e1ci\u00ed \u2013 [&hellip;]<\/p>","protected":false},"author":2,"featured_media":15924,"comment_status":"closed","ping_status":"closed","sticky":false,"template":"","format":"standard","meta":{"footnotes":""},"categories":[900,908,786],"tags":[],"_links":{"self":[{"href":"https:\/\/www.bratislavadesignweek.sk\/en\/wp-json\/wp\/v2\/posts\/15922"}],"collection":[{"href":"https:\/\/www.bratislavadesignweek.sk\/en\/wp-json\/wp\/v2\/posts"}],"about":[{"href":"https:\/\/www.bratislavadesignweek.sk\/en\/wp-json\/wp\/v2\/types\/post"}],"author":[{"embeddable":true,"href":"https:\/\/www.bratislavadesignweek.sk\/en\/wp-json\/wp\/v2\/users\/2"}],"replies":[{"embeddable":true,"href":"https:\/\/www.bratislavadesignweek.sk\/en\/wp-json\/wp\/v2\/comments?post=15922"}],"version-history":[{"count":1,"href":"https:\/\/www.bratislavadesignweek.sk\/en\/wp-json\/wp\/v2\/posts\/15922\/revisions"}],"predecessor-version":[{"id":15927,"href":"https:\/\/www.bratislavadesignweek.sk\/en\/wp-json\/wp\/v2\/posts\/15922\/revisions\/15927"}],"wp:featuredmedia":[{"embeddable":true,"href":"https:\/\/www.bratislavadesignweek.sk\/en\/wp-json\/wp\/v2\/media\/15924"}],"wp:attachment":[{"href":"https:\/\/www.bratislavadesignweek.sk\/en\/wp-json\/wp\/v2\/media?parent=15922"}],"wp:term":[{"taxonomy":"category","embeddable":true,"href":"https:\/\/www.bratislavadesignweek.sk\/en\/wp-json\/wp\/v2\/categories?post=15922"},{"taxonomy":"post_tag","embeddable":true,"href":"https:\/\/www.bratislavadesignweek.sk\/en\/wp-json\/wp\/v2\/tags?post=15922"}],"curies":[{"name":"wp","href":"https:\/\/api.w.org\/{rel}","templated":true}]}}