{"id":15975,"date":"2025-09-13T18:22:49","date_gmt":"2025-09-13T16:22:49","guid":{"rendered":"https:\/\/www.bratislavadesignweek.sk\/?p=15975"},"modified":"2025-09-19T21:09:41","modified_gmt":"2025-09-19T19:09:41","slug":"grand-hotel-simona-janisova-fold-me-tilda","status":"publish","type":"post","link":"https:\/\/www.bratislavadesignweek.sk\/en\/grand-hotel-simona-janisova-fold-me-tilda\/","title":{"rendered":"GRAND HOTEL | SIMONA JANI\u0160OV\u00c1: FOLD ME \/ TILDA"},"content":{"rendered":"<p>Projektom nadv\u00e4zujem na l\u00edniu v mojej tvorbe, ktorou dlhodobo sk\u00famam prepojenie priemyseln\u00fdch technol\u00f3gi\u00ed s autorskou tvorbou \u00fa\u017eitkovej keramiky a keramick\u00e9ho dizajnu Projektom Fold Me explorujem vyu\u017eitie rezania vodn\u00fdm l\u00fa\u010dom vyp\u00e1lenej, ru\u010dne spracovanej hliny. Je to uplatnenie \u00faplne nov\u00e9ho princ\u00edpu v mojej dizajn\u00e9rskej tvorbe, ktor\u00e9ho \u0161pecifikom je vyu\u017eitie estetiky postavenej na kontraste ru\u010dnej model\u00e1cie a exaktn\u00e9ho strojov\u00e9ho rezania pomocou vodn\u00e9ho l\u00fa\u010da. Touto technikou vznikn\u00fa nielen n\u00e1stenn\u00e9 aplik\u00e1cie vo forme mozaiky a kachl\u00edc, ale aj priestorov\u00e9 interi\u00e9rov\u00e9 doplnky. Jedn\u00fdm z prv\u00fdch v\u00fdsledkov projektu je n\u00e1stenn\u00fd keramick\u00fd reli\u00e9f s n\u00e1zvom Tilda. Reli\u00e9f je vytvoren\u00fd z odpadov\u00fdch keramick\u00fdch v\u00fdpalov\u00fdch dosiek, ktor\u00e9 nes\u00fa stopy pou\u017e\u00edvania ako zvy\u0161ky glaz\u00far a in\u00fdch n\u00e1terov. Reli\u00e9f je mo\u017en\u00e9 uplatni\u0165 v interi\u00e9ri, ale aj exteri\u00e9ri.<\/p>\n\n\n\n<p>www.simonajanisova.sk<\/p>\n\n\n\n<figure class=\"wp-block-gallery has-nested-images columns-default is-cropped wp-block-gallery-1 is-layout-flex wp-block-gallery-is-layout-flex\">\n<figure class=\"wp-block-image size-large\"><a href=\"https:\/\/www.bratislavadesignweek.sk\/wp-content\/uploads\/2025\/09\/simona-janisova1.jpg\"><img fetchpriority=\"high\" decoding=\"async\" width=\"682\" height=\"1024\" data-id=\"15977\" src=\"https:\/\/www.bratislavadesignweek.sk\/wp-content\/uploads\/2025\/09\/simona-janisova1-682x1024.jpg\" alt=\"\" class=\"wp-image-15977\" srcset=\"https:\/\/www.bratislavadesignweek.sk\/wp-content\/uploads\/2025\/09\/simona-janisova1-682x1024.jpg 682w, https:\/\/www.bratislavadesignweek.sk\/wp-content\/uploads\/2025\/09\/simona-janisova1-200x300.jpg 200w, https:\/\/www.bratislavadesignweek.sk\/wp-content\/uploads\/2025\/09\/simona-janisova1-768x1152.jpg 768w, https:\/\/www.bratislavadesignweek.sk\/wp-content\/uploads\/2025\/09\/simona-janisova1-8x12.jpg 8w, https:\/\/www.bratislavadesignweek.sk\/wp-content\/uploads\/2025\/09\/simona-janisova1.jpg 853w\" sizes=\"(max-width: 682px) 100vw, 682px\" \/><\/a><\/figure>\n\n\n\n<figure class=\"wp-block-image size-large\"><a href=\"https:\/\/www.bratislavadesignweek.sk\/wp-content\/uploads\/2025\/09\/simona-janisova2.jpg\"><img decoding=\"async\" width=\"1024\" height=\"801\" data-id=\"15976\" src=\"https:\/\/www.bratislavadesignweek.sk\/wp-content\/uploads\/2025\/09\/simona-janisova2-1024x801.jpg\" alt=\"\" class=\"wp-image-15976\" srcset=\"https:\/\/www.bratislavadesignweek.sk\/wp-content\/uploads\/2025\/09\/simona-janisova2-1024x801.jpg 1024w, https:\/\/www.bratislavadesignweek.sk\/wp-content\/uploads\/2025\/09\/simona-janisova2-300x235.jpg 300w, https:\/\/www.bratislavadesignweek.sk\/wp-content\/uploads\/2025\/09\/simona-janisova2-768x601.jpg 768w, https:\/\/www.bratislavadesignweek.sk\/wp-content\/uploads\/2025\/09\/simona-janisova2-15x12.jpg 15w, https:\/\/www.bratislavadesignweek.sk\/wp-content\/uploads\/2025\/09\/simona-janisova2.jpg 1280w\" sizes=\"(max-width: 1024px) 100vw, 1024px\" \/><\/a><\/figure>\n<\/figure>","protected":false},"excerpt":{"rendered":"<p>Projektom nadv\u00e4zujem na l\u00edniu v mojej tvorbe, ktorou dlhodobo sk\u00famam prepojenie priemyseln\u00fdch technol\u00f3gi\u00ed s autorskou tvorbou \u00fa\u017eitkovej keramiky a keramick\u00e9ho dizajnu Projektom Fold Me explorujem vyu\u017eitie rezania vodn\u00fdm l\u00fa\u010dom vyp\u00e1lenej, ru\u010dne spracovanej hliny. Je to uplatnenie \u00faplne nov\u00e9ho princ\u00edpu v mojej dizajn\u00e9rskej tvorbe, ktor\u00e9ho \u0161pecifikom je vyu\u017eitie estetiky postavenej na kontraste ru\u010dnej model\u00e1cie a exaktn\u00e9ho [&hellip;]<\/p>","protected":false},"author":2,"featured_media":15978,"comment_status":"closed","ping_status":"closed","sticky":false,"template":"","format":"standard","meta":{"footnotes":""},"categories":[909,900,786],"tags":[],"_links":{"self":[{"href":"https:\/\/www.bratislavadesignweek.sk\/en\/wp-json\/wp\/v2\/posts\/15975"}],"collection":[{"href":"https:\/\/www.bratislavadesignweek.sk\/en\/wp-json\/wp\/v2\/posts"}],"about":[{"href":"https:\/\/www.bratislavadesignweek.sk\/en\/wp-json\/wp\/v2\/types\/post"}],"author":[{"embeddable":true,"href":"https:\/\/www.bratislavadesignweek.sk\/en\/wp-json\/wp\/v2\/users\/2"}],"replies":[{"embeddable":true,"href":"https:\/\/www.bratislavadesignweek.sk\/en\/wp-json\/wp\/v2\/comments?post=15975"}],"version-history":[{"count":1,"href":"https:\/\/www.bratislavadesignweek.sk\/en\/wp-json\/wp\/v2\/posts\/15975\/revisions"}],"predecessor-version":[{"id":15981,"href":"https:\/\/www.bratislavadesignweek.sk\/en\/wp-json\/wp\/v2\/posts\/15975\/revisions\/15981"}],"wp:featuredmedia":[{"embeddable":true,"href":"https:\/\/www.bratislavadesignweek.sk\/en\/wp-json\/wp\/v2\/media\/15978"}],"wp:attachment":[{"href":"https:\/\/www.bratislavadesignweek.sk\/en\/wp-json\/wp\/v2\/media?parent=15975"}],"wp:term":[{"taxonomy":"category","embeddable":true,"href":"https:\/\/www.bratislavadesignweek.sk\/en\/wp-json\/wp\/v2\/categories?post=15975"},{"taxonomy":"post_tag","embeddable":true,"href":"https:\/\/www.bratislavadesignweek.sk\/en\/wp-json\/wp\/v2\/tags?post=15975"}],"curies":[{"name":"wp","href":"https:\/\/api.w.org\/{rel}","templated":true}]}}