{"id":16004,"date":"2025-09-14T09:36:04","date_gmt":"2025-09-14T07:36:04","guid":{"rendered":"https:\/\/www.bratislavadesignweek.sk\/?p=16004"},"modified":"2025-09-19T21:23:31","modified_gmt":"2025-09-19T19:23:31","slug":"open-call-school-area-erik-vrabel-aura","status":"publish","type":"post","link":"https:\/\/www.bratislavadesignweek.sk\/en\/open-call-school-area-erik-vrabel-aura\/","title":{"rendered":"OPEN CALL \/ SCHOOL AREA \/ ERIK VR\u00c1BEL: AURA"},"content":{"rendered":"<p>Ateli\u00e9r experiment\u00e1lneho dizajnu, V\u0160VU Bratislava<\/p>\n\n\n\n<p><br>Aura je anal\u00f3gov\u00fd objekt prep\u00e1jaj\u00faci pr\u00edrodn\u00fd fenom\u00e9n vody s fyzikou a lomom obrazu. Pr\u00fad vody prech\u00e1dzaj\u00faci cez zakriven\u00e9 skl\u00e1 vytv\u00e1ra \u0161o\u0161ovky, ktor\u00e9 n\u00e1hodne odha\u013euj\u00fa farebn\u00e9 pozadie, \u010d\u00edm vznik\u00e1 nepredv\u00eddate\u013en\u00fd obrazec a jedine\u010dn\u00fd vizu\u00e1lny z\u00e1\u017eitok. Dielo reflektuje pocity zahltenia, neistoty a h\u013eadania pokoja, pri\u010dom div\u00e1ka vedie k spomaleniu a introspekcii. Z\u00e1rove\u0148 je osobnou v\u00fdpove\u010fou autora o svete, v ktorom je digit\u00e1l v kol\u00edzii s anal\u00f3gom.<\/p>\n\n\n\n<figure class=\"wp-block-gallery has-nested-images columns-default is-cropped wp-block-gallery-1 is-layout-flex wp-block-gallery-is-layout-flex\">\n<figure class=\"wp-block-image size-large\"><a href=\"https:\/\/www.bratislavadesignweek.sk\/wp-content\/uploads\/2025\/09\/erik-vrabel.jpg\"><img fetchpriority=\"high\" decoding=\"async\" width=\"768\" height=\"1024\" data-id=\"16005\" src=\"https:\/\/www.bratislavadesignweek.sk\/wp-content\/uploads\/2025\/09\/erik-vrabel-768x1024.jpg\" alt=\"\" class=\"wp-image-16005\" srcset=\"https:\/\/www.bratislavadesignweek.sk\/wp-content\/uploads\/2025\/09\/erik-vrabel-768x1024.jpg 768w, https:\/\/www.bratislavadesignweek.sk\/wp-content\/uploads\/2025\/09\/erik-vrabel-225x300.jpg 225w, https:\/\/www.bratislavadesignweek.sk\/wp-content\/uploads\/2025\/09\/erik-vrabel-1152x1536.jpg 1152w, https:\/\/www.bratislavadesignweek.sk\/wp-content\/uploads\/2025\/09\/erik-vrabel-1536x2048.jpg 1536w, https:\/\/www.bratislavadesignweek.sk\/wp-content\/uploads\/2025\/09\/erik-vrabel-9x12.jpg 9w, https:\/\/www.bratislavadesignweek.sk\/wp-content\/uploads\/2025\/09\/erik-vrabel.jpg 1920w\" sizes=\"(max-width: 768px) 100vw, 768px\" \/><\/a><\/figure>\n<\/figure>","protected":false},"excerpt":{"rendered":"<p>Ateli\u00e9r experiment\u00e1lneho dizajnu, V\u0160VU Bratislava Aura je anal\u00f3gov\u00fd objekt prep\u00e1jaj\u00faci pr\u00edrodn\u00fd fenom\u00e9n vody s fyzikou a lomom obrazu. Pr\u00fad vody prech\u00e1dzaj\u00faci cez zakriven\u00e9 skl\u00e1 vytv\u00e1ra \u0161o\u0161ovky, ktor\u00e9 n\u00e1hodne odha\u013euj\u00fa farebn\u00e9 pozadie, \u010d\u00edm vznik\u00e1 nepredv\u00eddate\u013en\u00fd obrazec a jedine\u010dn\u00fd vizu\u00e1lny z\u00e1\u017eitok. Dielo reflektuje pocity zahltenia, neistoty a h\u013eadania pokoja, pri\u010dom div\u00e1ka vedie k spomaleniu a introspekcii. Z\u00e1rove\u0148 [&hellip;]<\/p>","protected":false},"author":2,"featured_media":16006,"comment_status":"closed","ping_status":"closed","sticky":false,"template":"","format":"standard","meta":{"footnotes":""},"categories":[900,908,786],"tags":[],"_links":{"self":[{"href":"https:\/\/www.bratislavadesignweek.sk\/en\/wp-json\/wp\/v2\/posts\/16004"}],"collection":[{"href":"https:\/\/www.bratislavadesignweek.sk\/en\/wp-json\/wp\/v2\/posts"}],"about":[{"href":"https:\/\/www.bratislavadesignweek.sk\/en\/wp-json\/wp\/v2\/types\/post"}],"author":[{"embeddable":true,"href":"https:\/\/www.bratislavadesignweek.sk\/en\/wp-json\/wp\/v2\/users\/2"}],"replies":[{"embeddable":true,"href":"https:\/\/www.bratislavadesignweek.sk\/en\/wp-json\/wp\/v2\/comments?post=16004"}],"version-history":[{"count":1,"href":"https:\/\/www.bratislavadesignweek.sk\/en\/wp-json\/wp\/v2\/posts\/16004\/revisions"}],"predecessor-version":[{"id":16009,"href":"https:\/\/www.bratislavadesignweek.sk\/en\/wp-json\/wp\/v2\/posts\/16004\/revisions\/16009"}],"wp:featuredmedia":[{"embeddable":true,"href":"https:\/\/www.bratislavadesignweek.sk\/en\/wp-json\/wp\/v2\/media\/16006"}],"wp:attachment":[{"href":"https:\/\/www.bratislavadesignweek.sk\/en\/wp-json\/wp\/v2\/media?parent=16004"}],"wp:term":[{"taxonomy":"category","embeddable":true,"href":"https:\/\/www.bratislavadesignweek.sk\/en\/wp-json\/wp\/v2\/categories?post=16004"},{"taxonomy":"post_tag","embeddable":true,"href":"https:\/\/www.bratislavadesignweek.sk\/en\/wp-json\/wp\/v2\/tags?post=16004"}],"curies":[{"name":"wp","href":"https:\/\/api.w.org\/{rel}","templated":true}]}}