{"id":16012,"date":"2025-09-14T09:38:24","date_gmt":"2025-09-14T07:38:24","guid":{"rendered":"https:\/\/www.bratislavadesignweek.sk\/?p=16012"},"modified":"2025-09-19T21:23:23","modified_gmt":"2025-09-19T19:23:23","slug":"open-call-school-area-jaroslava-labudova-spomienka-na-obyvacku","status":"publish","type":"post","link":"https:\/\/www.bratislavadesignweek.sk\/en\/open-call-school-area-jaroslava-labudova-spomienka-na-obyvacku\/","title":{"rendered":"OPEN CALL \/ SCHOOL AREA \/ JAROSLAVA LABUDOV\u00c1: SPOMIENKA NA OB\u00ddVA\u010cKU"},"content":{"rendered":"<p>V mojej pr\u00e1ci sk\u00famam t\u00e9mu pam\u00e4ti a zab\u00fadania cez pr\u00e1cu s textilom, najm\u00e4 ru\u010dnou v\u00fd\u0161ivkou. Textil pre m\u0148a predstavuje viac ne\u017e len materi\u00e1l \u2013 je nosite\u013eom spomienok, dotykov, vz\u0165ahov a em\u00f3ci\u00ed. Vn\u00edmam ho ako m\u00e9dium, ktor\u00e9 dok\u00e1\u017ee uchova\u0165 to, \u010do sa n\u00e1m z mysle pomaly vytr\u00e1ca. V\u00fd\u0161ivka je pre m\u0148a tich\u00fdm z\u00e1znamom pozornosti, \u010dasu a osobn\u00e9ho pr\u00edbehu. Zbierala som star\u00e9 v\u00fd\u0161ivky a obrusy od mojej rodiny a bl\u00edzkych, ktor\u00e9 som n\u00e1sledne strojovou v\u00fd\u0161ivkou alebo p\u00e1ran\u00edm transformovala. Vznikali tak nov\u00e9 v\u00fdznamov\u00e9 vrstvy \u2013 niekedy som spomienku nechala rozrozpr\u00e1va\u0165 sa, inokedy som ju vedome rozkladala, \u010d\u00edm som vizu\u00e1lne reflektovala proces zab\u00fadania. <\/p>\n\n\n\n<p>L\u00e1tka v\u0161ak m\u00e1 svoju pam\u00e4\u0165 \u2013 aj po odstr\u00e1nen\u00ed nite v nej zost\u00e1va tvar, spomienka, ktor\u00e1 u\u017e nie je celistv\u00e1, ale st\u00e1le c\u00edtime, \u017ee tam nie\u010do bolo. In\u0161tal\u00e1cia evokuje priestor ob\u00fdva\u010dky \u2013 prostredia sp\u00e4t\u00e9ho s rodinn\u00fdmi spomienkami. Textil tu levituje, jemne nazna\u010duje objem n\u00e1bytku a vytv\u00e1ra atmosf\u00e9ru miesta, ktor\u00e9 mo\u017eno u\u017e neexistuje, no pretrv\u00e1va v spomienkach. Cie\u013eom mojej pr\u00e1ce je upozorni\u0165 na v\u00fdznam zdanlivo be\u017en\u00fdch vec\u00ed ako nosite\u013eov pam\u00e4ti a identity. Je to osobn\u00e1 v\u00fdpove\u010f o potrebe nezabudn\u00fa\u0165 \u2013 na seba, na bl\u00edzkych a na chv\u00edle, ktor\u00e9 n\u00e1s formovali.<\/p>\n\n\n\n<figure class=\"wp-block-gallery has-nested-images columns-default is-cropped wp-block-gallery-1 is-layout-flex wp-block-gallery-is-layout-flex\">\n<figure class=\"wp-block-image size-large\"><a href=\"https:\/\/www.bratislavadesignweek.sk\/wp-content\/uploads\/2025\/09\/jaroslava-labudova-2-projekt.jpg\"><img fetchpriority=\"high\" decoding=\"async\" width=\"842\" height=\"595\" data-id=\"16013\" src=\"https:\/\/www.bratislavadesignweek.sk\/wp-content\/uploads\/2025\/09\/jaroslava-labudova-2-projekt.jpg\" alt=\"\" class=\"wp-image-16013\" srcset=\"https:\/\/www.bratislavadesignweek.sk\/wp-content\/uploads\/2025\/09\/jaroslava-labudova-2-projekt.jpg 842w, https:\/\/www.bratislavadesignweek.sk\/wp-content\/uploads\/2025\/09\/jaroslava-labudova-2-projekt-300x212.jpg 300w, https:\/\/www.bratislavadesignweek.sk\/wp-content\/uploads\/2025\/09\/jaroslava-labudova-2-projekt-768x543.jpg 768w, https:\/\/www.bratislavadesignweek.sk\/wp-content\/uploads\/2025\/09\/jaroslava-labudova-2-projekt-18x12.jpg 18w\" sizes=\"(max-width: 842px) 100vw, 842px\" \/><\/a><\/figure>\n<\/figure>","protected":false},"excerpt":{"rendered":"<p>V mojej pr\u00e1ci sk\u00famam t\u00e9mu pam\u00e4ti a zab\u00fadania cez pr\u00e1cu s textilom, najm\u00e4 ru\u010dnou v\u00fd\u0161ivkou. Textil pre m\u0148a predstavuje viac ne\u017e len materi\u00e1l \u2013 je nosite\u013eom spomienok, dotykov, vz\u0165ahov a em\u00f3ci\u00ed. Vn\u00edmam ho ako m\u00e9dium, ktor\u00e9 dok\u00e1\u017ee uchova\u0165 to, \u010do sa n\u00e1m z mysle pomaly vytr\u00e1ca. V\u00fd\u0161ivka je pre m\u0148a tich\u00fdm z\u00e1znamom pozornosti, \u010dasu a [&hellip;]<\/p>","protected":false},"author":2,"featured_media":16014,"comment_status":"closed","ping_status":"closed","sticky":false,"template":"","format":"standard","meta":{"footnotes":""},"categories":[900,908,786],"tags":[],"_links":{"self":[{"href":"https:\/\/www.bratislavadesignweek.sk\/en\/wp-json\/wp\/v2\/posts\/16012"}],"collection":[{"href":"https:\/\/www.bratislavadesignweek.sk\/en\/wp-json\/wp\/v2\/posts"}],"about":[{"href":"https:\/\/www.bratislavadesignweek.sk\/en\/wp-json\/wp\/v2\/types\/post"}],"author":[{"embeddable":true,"href":"https:\/\/www.bratislavadesignweek.sk\/en\/wp-json\/wp\/v2\/users\/2"}],"replies":[{"embeddable":true,"href":"https:\/\/www.bratislavadesignweek.sk\/en\/wp-json\/wp\/v2\/comments?post=16012"}],"version-history":[{"count":1,"href":"https:\/\/www.bratislavadesignweek.sk\/en\/wp-json\/wp\/v2\/posts\/16012\/revisions"}],"predecessor-version":[{"id":16017,"href":"https:\/\/www.bratislavadesignweek.sk\/en\/wp-json\/wp\/v2\/posts\/16012\/revisions\/16017"}],"wp:featuredmedia":[{"embeddable":true,"href":"https:\/\/www.bratislavadesignweek.sk\/en\/wp-json\/wp\/v2\/media\/16014"}],"wp:attachment":[{"href":"https:\/\/www.bratislavadesignweek.sk\/en\/wp-json\/wp\/v2\/media?parent=16012"}],"wp:term":[{"taxonomy":"category","embeddable":true,"href":"https:\/\/www.bratislavadesignweek.sk\/en\/wp-json\/wp\/v2\/categories?post=16012"},{"taxonomy":"post_tag","embeddable":true,"href":"https:\/\/www.bratislavadesignweek.sk\/en\/wp-json\/wp\/v2\/tags?post=16012"}],"curies":[{"name":"wp","href":"https:\/\/api.w.org\/{rel}","templated":true}]}}