{"id":16028,"date":"2025-09-14T09:41:17","date_gmt":"2025-09-14T07:41:17","guid":{"rendered":"https:\/\/www.bratislavadesignweek.sk\/?p=16028"},"modified":"2025-09-19T21:23:04","modified_gmt":"2025-09-19T19:23:04","slug":"open-call-dizajn-lab-michaela-bednarova-puojd-ado-juracek-malina-studio-vzorkovniky-latok-puojd","status":"publish","type":"post","link":"https:\/\/www.bratislavadesignweek.sk\/en\/open-call-dizajn-lab-michaela-bednarova-puojd-ado-juracek-malina-studio-vzorkovniky-latok-puojd\/","title":{"rendered":"OPEN CALL \/ DIZAJN LAB \/ MICHAELA BEDN\u00c1ROV\u00c1\/ PUOJD, ADO JUR\u00c1\u010cEK \/ MALINA STUDIO: \u00a0VZORKOVN\u00cdKY L\u00c1TOK PUOJD"},"content":{"rendered":"<p>Vzorkovn\u00edk l\u00e1tok Puojd navrhnut\u00fd v spolupr\u00e1ci s grafick\u00fdm dizajn\u00e9rom Adom Jur\u00e1\u010dkom je realizovan\u00fd v dvoch variantoch \u2013 intern\u00e1 verzia je ur\u010den\u00e1 pre arch\u00edvne \u00fa\u010dely a\u00a0uklad\u00e1 sa do ka\u017ed\u00e1 vytvoren\u00e1 autorsk\u00e1 l\u00e1tka (aj zo spolupr\u00e1c a pr\u00e1c na mieru) s \u00fadajmi o jej v\u00fdrobe a kvalite. <\/p>\n\n\n\n<p>Tento vzorkovn\u00edk je relevantn\u00fdm vizu\u00e1lnym, materi\u00e1lov\u00fdm aj ideov\u00fdm materi\u00e1lom hlavne pre odborn\u00fa verejnos\u0165 a pre v\u00fdstavn\u00e9 a v\u00fdskumn\u00e9 \u00fa\u010dely. Druh\u00fd vzorkovn\u00edk je vytvoren\u00fd pre komer\u010dn\u00e9 \u00fa\u010dely, pom\u00e1ha pri komunik\u00e1cii so z\u00e1kazn\u00edkmi, je prisp\u00f4soben\u00fd aktu\u00e1lnemu stavu skladu kolekci\u00ed zna\u010dky Puojd.<\/p>\n\n\n\n<figure class=\"wp-block-gallery has-nested-images columns-default is-cropped wp-block-gallery-1 is-layout-flex wp-block-gallery-is-layout-flex\">\n<figure class=\"wp-block-image size-large\"><a href=\"https:\/\/www.bratislavadesignweek.sk\/wp-content\/uploads\/2025\/09\/michaela-bednarova.jpg\"><img fetchpriority=\"high\" decoding=\"async\" width=\"1024\" height=\"576\" data-id=\"16029\" src=\"https:\/\/www.bratislavadesignweek.sk\/wp-content\/uploads\/2025\/09\/michaela-bednarova-1024x576.jpg\" alt=\"\" class=\"wp-image-16029\" srcset=\"https:\/\/www.bratislavadesignweek.sk\/wp-content\/uploads\/2025\/09\/michaela-bednarova-1024x576.jpg 1024w, https:\/\/www.bratislavadesignweek.sk\/wp-content\/uploads\/2025\/09\/michaela-bednarova-300x169.jpg 300w, https:\/\/www.bratislavadesignweek.sk\/wp-content\/uploads\/2025\/09\/michaela-bednarova-768x432.jpg 768w, https:\/\/www.bratislavadesignweek.sk\/wp-content\/uploads\/2025\/09\/michaela-bednarova-1536x864.jpg 1536w, https:\/\/www.bratislavadesignweek.sk\/wp-content\/uploads\/2025\/09\/michaela-bednarova-2048x1152.jpg 2048w, https:\/\/www.bratislavadesignweek.sk\/wp-content\/uploads\/2025\/09\/michaela-bednarova-18x10.jpg 18w\" sizes=\"(max-width: 1024px) 100vw, 1024px\" \/><\/a><\/figure>\n<\/figure>","protected":false},"excerpt":{"rendered":"<p>Vzorkovn\u00edk l\u00e1tok Puojd navrhnut\u00fd v spolupr\u00e1ci s grafick\u00fdm dizajn\u00e9rom Adom Jur\u00e1\u010dkom je realizovan\u00fd v dvoch variantoch \u2013 intern\u00e1 verzia je ur\u010den\u00e1 pre arch\u00edvne \u00fa\u010dely a\u00a0uklad\u00e1 sa do ka\u017ed\u00e1 vytvoren\u00e1 autorsk\u00e1 l\u00e1tka (aj zo spolupr\u00e1c a pr\u00e1c na mieru) s \u00fadajmi o jej v\u00fdrobe a kvalite. Tento vzorkovn\u00edk je relevantn\u00fdm vizu\u00e1lnym, materi\u00e1lov\u00fdm aj ideov\u00fdm materi\u00e1lom hlavne [&hellip;]<\/p>","protected":false},"author":2,"featured_media":16030,"comment_status":"closed","ping_status":"closed","sticky":false,"template":"","format":"standard","meta":{"footnotes":""},"categories":[900,908,786],"tags":[],"_links":{"self":[{"href":"https:\/\/www.bratislavadesignweek.sk\/en\/wp-json\/wp\/v2\/posts\/16028"}],"collection":[{"href":"https:\/\/www.bratislavadesignweek.sk\/en\/wp-json\/wp\/v2\/posts"}],"about":[{"href":"https:\/\/www.bratislavadesignweek.sk\/en\/wp-json\/wp\/v2\/types\/post"}],"author":[{"embeddable":true,"href":"https:\/\/www.bratislavadesignweek.sk\/en\/wp-json\/wp\/v2\/users\/2"}],"replies":[{"embeddable":true,"href":"https:\/\/www.bratislavadesignweek.sk\/en\/wp-json\/wp\/v2\/comments?post=16028"}],"version-history":[{"count":1,"href":"https:\/\/www.bratislavadesignweek.sk\/en\/wp-json\/wp\/v2\/posts\/16028\/revisions"}],"predecessor-version":[{"id":16033,"href":"https:\/\/www.bratislavadesignweek.sk\/en\/wp-json\/wp\/v2\/posts\/16028\/revisions\/16033"}],"wp:featuredmedia":[{"embeddable":true,"href":"https:\/\/www.bratislavadesignweek.sk\/en\/wp-json\/wp\/v2\/media\/16030"}],"wp:attachment":[{"href":"https:\/\/www.bratislavadesignweek.sk\/en\/wp-json\/wp\/v2\/media?parent=16028"}],"wp:term":[{"taxonomy":"category","embeddable":true,"href":"https:\/\/www.bratislavadesignweek.sk\/en\/wp-json\/wp\/v2\/categories?post=16028"},{"taxonomy":"post_tag","embeddable":true,"href":"https:\/\/www.bratislavadesignweek.sk\/en\/wp-json\/wp\/v2\/tags?post=16028"}],"curies":[{"name":"wp","href":"https:\/\/api.w.org\/{rel}","templated":true}]}}