{"id":16068,"date":"2025-09-14T09:52:13","date_gmt":"2025-09-14T07:52:13","guid":{"rendered":"https:\/\/www.bratislavadesignweek.sk\/?p=16068"},"modified":"2025-09-19T21:22:21","modified_gmt":"2025-09-19T19:22:21","slug":"open-call-school-area-viktoria-feherova-nouky","status":"publish","type":"post","link":"https:\/\/www.bratislavadesignweek.sk\/en\/open-call-school-area-viktoria-feherova-nouky\/","title":{"rendered":"OPEN CALL \/ SCHOOL AREA \/ VIKT\u00d3RIA FEH\u00c9ROV\u00c1: NOUKY"},"content":{"rendered":"<p>Ateli\u00e9r industrial dizajnu, V\u0160VU Bratislava<\/p>\n\n\n\n<p>Stoli\u010dka NOUKY sp\u00e1ja jednoduch\u00fd dizajn s praktick\u00fdm rie\u0161en\u00edm. \u013dahko sa sklad\u00e1 bez n\u00e1radia, je nen\u00e1ro\u010dn\u00e1 na \u00fadr\u017ebu a v\u010faka kombin\u00e1cii nerezov\u00fdch trubiek a plastov\u00fdch dielov aj odoln\u00e1 a trv\u00e1cna. Zaber\u00e1 minimum miesta pri preprave a pon\u00faka farebn\u00e9 vari\u00e1cie. Rovnak\u00fd syst\u00e9m je mo\u017en\u00e9 vyu\u017ei\u0165 aj pri n\u00e1vrhoch lav\u00edc, stol\u010dekov \u010di stolov. Koncepcia n\u00e1vrhu vych\u00e1dza z potreby kombinova\u0165 funk\u010dn\u00e9, estetick\u00e9 a technologick\u00e9 kvality v jednom produkte. V r\u00e1mci pr\u00e1ce bol kladen\u00fd d\u00f4raz na ergon\u00f3miu a pou\u017e\u00edvate\u013esk\u00fd komfort, kompaktnos\u0165 pri transporte, jednoduchos\u0165 skladania bez potreby n\u00e1radia, dlhodob\u00fa trv\u00e1cnos\u0165 a odolnos\u0165 materi\u00e1lov, n\u00edzke v\u00fdrobn\u00e9 n\u00e1klady a efekt\u00edvne vyu\u017eitie priemyselnej technol\u00f3gie. V\u00fdchodiskom bola anal\u00fdza s\u00fa\u010dasn\u00fdch trendov v oblasti sedenia a potrieb modern\u00e9ho pou\u017e\u00edvate\u013ea. V r\u00e1mci n\u00e1vrhu boli zoh\u013eadnen\u00e9 mo\u017enosti s\u00e9riovej v\u00fdroby, mont\u00e1\u017ee a distrib\u00facie, \u010do sa prejavilo v zvolenom modul\u00e1rnom syst\u00e9me aj vo v\u00fdbere materi\u00e1lov.<\/p>\n\n\n\n<p><br>Tvarov\u00e9 rie\u0161enie zoh\u013ead\u0148uje funk\u010dn\u00e9 a ergonomick\u00e9 po\u017eiadavky, pri\u010dom si z\u00e1rove\u0148 zachov\u00e1va vizu\u00e1lnu jednoduchos\u0165 a \u010dist\u00e9 l\u00ednie.<\/p>\n\n\n\n<figure class=\"wp-block-gallery has-nested-images columns-default is-cropped wp-block-gallery-1 is-layout-flex wp-block-gallery-is-layout-flex\">\n<figure class=\"wp-block-image size-large\"><a href=\"https:\/\/www.bratislavadesignweek.sk\/wp-content\/uploads\/2025\/09\/viktoria-feherova.jpg\"><img fetchpriority=\"high\" decoding=\"async\" width=\"696\" height=\"1024\" data-id=\"16069\" src=\"https:\/\/www.bratislavadesignweek.sk\/wp-content\/uploads\/2025\/09\/viktoria-feherova-696x1024.jpg\" alt=\"\" class=\"wp-image-16069\" srcset=\"https:\/\/www.bratislavadesignweek.sk\/wp-content\/uploads\/2025\/09\/viktoria-feherova-696x1024.jpg 696w, https:\/\/www.bratislavadesignweek.sk\/wp-content\/uploads\/2025\/09\/viktoria-feherova-204x300.jpg 204w, https:\/\/www.bratislavadesignweek.sk\/wp-content\/uploads\/2025\/09\/viktoria-feherova-768x1129.jpg 768w, https:\/\/www.bratislavadesignweek.sk\/wp-content\/uploads\/2025\/09\/viktoria-feherova-1045x1536.jpg 1045w, https:\/\/www.bratislavadesignweek.sk\/wp-content\/uploads\/2025\/09\/viktoria-feherova-1393x2048.jpg 1393w, https:\/\/www.bratislavadesignweek.sk\/wp-content\/uploads\/2025\/09\/viktoria-feherova-8x12.jpg 8w, https:\/\/www.bratislavadesignweek.sk\/wp-content\/uploads\/2025\/09\/viktoria-feherova.jpg 1741w\" sizes=\"(max-width: 696px) 100vw, 696px\" \/><\/a><\/figure>\n<\/figure>","protected":false},"excerpt":{"rendered":"<p>Ateli\u00e9r industrial dizajnu, V\u0160VU Bratislava Stoli\u010dka NOUKY sp\u00e1ja jednoduch\u00fd dizajn s praktick\u00fdm rie\u0161en\u00edm. \u013dahko sa sklad\u00e1 bez n\u00e1radia, je nen\u00e1ro\u010dn\u00e1 na \u00fadr\u017ebu a v\u010faka kombin\u00e1cii nerezov\u00fdch trubiek a plastov\u00fdch dielov aj odoln\u00e1 a trv\u00e1cna. Zaber\u00e1 minimum miesta pri preprave a pon\u00faka farebn\u00e9 vari\u00e1cie. Rovnak\u00fd syst\u00e9m je mo\u017en\u00e9 vyu\u017ei\u0165 aj pri n\u00e1vrhoch lav\u00edc, stol\u010dekov \u010di stolov. [&hellip;]<\/p>","protected":false},"author":2,"featured_media":16070,"comment_status":"closed","ping_status":"closed","sticky":false,"template":"","format":"standard","meta":{"footnotes":""},"categories":[900,908,786],"tags":[],"_links":{"self":[{"href":"https:\/\/www.bratislavadesignweek.sk\/en\/wp-json\/wp\/v2\/posts\/16068"}],"collection":[{"href":"https:\/\/www.bratislavadesignweek.sk\/en\/wp-json\/wp\/v2\/posts"}],"about":[{"href":"https:\/\/www.bratislavadesignweek.sk\/en\/wp-json\/wp\/v2\/types\/post"}],"author":[{"embeddable":true,"href":"https:\/\/www.bratislavadesignweek.sk\/en\/wp-json\/wp\/v2\/users\/2"}],"replies":[{"embeddable":true,"href":"https:\/\/www.bratislavadesignweek.sk\/en\/wp-json\/wp\/v2\/comments?post=16068"}],"version-history":[{"count":1,"href":"https:\/\/www.bratislavadesignweek.sk\/en\/wp-json\/wp\/v2\/posts\/16068\/revisions"}],"predecessor-version":[{"id":16073,"href":"https:\/\/www.bratislavadesignweek.sk\/en\/wp-json\/wp\/v2\/posts\/16068\/revisions\/16073"}],"wp:featuredmedia":[{"embeddable":true,"href":"https:\/\/www.bratislavadesignweek.sk\/en\/wp-json\/wp\/v2\/media\/16070"}],"wp:attachment":[{"href":"https:\/\/www.bratislavadesignweek.sk\/en\/wp-json\/wp\/v2\/media?parent=16068"}],"wp:term":[{"taxonomy":"category","embeddable":true,"href":"https:\/\/www.bratislavadesignweek.sk\/en\/wp-json\/wp\/v2\/categories?post=16068"},{"taxonomy":"post_tag","embeddable":true,"href":"https:\/\/www.bratislavadesignweek.sk\/en\/wp-json\/wp\/v2\/tags?post=16068"}],"curies":[{"name":"wp","href":"https:\/\/api.w.org\/{rel}","templated":true}]}}