{"id":16076,"date":"2025-09-14T09:53:54","date_gmt":"2025-09-14T07:53:54","guid":{"rendered":"https:\/\/www.bratislavadesignweek.sk\/?p=16076"},"modified":"2025-09-19T21:22:14","modified_gmt":"2025-09-19T19:22:14","slug":"open-call-school-area-zuzana-budzakova-amorfa","status":"publish","type":"post","link":"https:\/\/www.bratislavadesignweek.sk\/en\/open-call-school-area-zuzana-budzakova-amorfa\/","title":{"rendered":"OPEN CALL\/ SCHOOL AREA \/ ZUZANA BUDZAKOV\u00c1: AMORFA"},"content":{"rendered":"<p>Ateli\u00e9r experiment\u00e1lneho dizajnu, V\u0160VU Bratislava<\/p>\n\n\n\n<p><br>Po\u010fme sa rozpr\u00e1va\u0165, po\u010fme sa hra\u0165! Zis\u0165ujme to spolo\u010dne. V tejto spolo\u010denskej hre nehr\u00e1me proti sebe, ale spolu. Hr\u00e1me s hrou, nie proti nej. H\u013ead\u00e1me cesty, budujeme \u0161trukt\u00faru. \u00dastredn\u00fd pr\u00edbeh je o Anne, malom diev\u010datku, ktor\u00e9 n\u00e1s sprev\u00e1dza svojim svetom. Kde je Anna? Je ot\u00e1zka, na ktor\u00fa pomocou hry odpoved\u00e1me. Dielo tie\u017e otv\u00e1ra diskusiu o tom, ako m\u00f4\u017ee dizajn odr\u00e1\u017ea\u0165 pr\u00edrodn\u00e9 princ\u00edpy, ako m\u00f4\u017ee by\u0165 dizajn spolo\u010densky zodpovedn\u00fd a z\u00e1rove\u0148 intelektu\u00e1lne hlbok\u00fd. <\/p>\n\n\n\n<p>Vizu\u00e1lnym prvkom \u2013 kruhom, jeho prekr\u00fdvan\u00edm, vrstven\u00edm a sp\u00e1jan\u00edm vznik\u00e1 amorfn\u00fd tvar, variabiln\u00fd na pou\u017e\u00edvanie my\u0161lienkov\u00fdch, komunika\u010dn\u00fdch, elimina\u010dn\u00fdch alebo vizu\u00e1lnych ciest. Podporuje in\u00fa perspekt\u00edvu, vn\u00edmanie variability ako hodnoty a v\u0165ahuje div\u00e1ka do otvoren\u00e9ho procesu tvorby. Dielo sp\u00e1ja dizajn, filozofick\u00e9 a soci\u00e1lne aspekty do jedn\u00e9ho \u017eiv\u00e9ho syst\u00e9mu \u2013 rozvetven\u00e9ho, otvoren\u00e9ho a pripraven\u00e9ho na \u010fal\u0161\u00ed krok.<\/p>\n\n\n\n<figure class=\"wp-block-gallery has-nested-images columns-default is-cropped wp-block-gallery-1 is-layout-flex wp-block-gallery-is-layout-flex\">\n<figure class=\"wp-block-image size-large\"><a href=\"https:\/\/www.bratislavadesignweek.sk\/wp-content\/uploads\/2025\/09\/zuzana-budzakova.jpg\"><img fetchpriority=\"high\" decoding=\"async\" width=\"1024\" height=\"683\" data-id=\"16077\" src=\"https:\/\/www.bratislavadesignweek.sk\/wp-content\/uploads\/2025\/09\/zuzana-budzakova-1024x683.jpg\" alt=\"\" class=\"wp-image-16077\" srcset=\"https:\/\/www.bratislavadesignweek.sk\/wp-content\/uploads\/2025\/09\/zuzana-budzakova-1024x683.jpg 1024w, https:\/\/www.bratislavadesignweek.sk\/wp-content\/uploads\/2025\/09\/zuzana-budzakova-300x200.jpg 300w, https:\/\/www.bratislavadesignweek.sk\/wp-content\/uploads\/2025\/09\/zuzana-budzakova-768x512.jpg 768w, https:\/\/www.bratislavadesignweek.sk\/wp-content\/uploads\/2025\/09\/zuzana-budzakova-1536x1024.jpg 1536w, https:\/\/www.bratislavadesignweek.sk\/wp-content\/uploads\/2025\/09\/zuzana-budzakova-2048x1366.jpg 2048w, https:\/\/www.bratislavadesignweek.sk\/wp-content\/uploads\/2025\/09\/zuzana-budzakova-18x12.jpg 18w\" sizes=\"(max-width: 1024px) 100vw, 1024px\" \/><\/a><\/figure>\n<\/figure>","protected":false},"excerpt":{"rendered":"<p>Ateli\u00e9r experiment\u00e1lneho dizajnu, V\u0160VU Bratislava Po\u010fme sa rozpr\u00e1va\u0165, po\u010fme sa hra\u0165! Zis\u0165ujme to spolo\u010dne. V tejto spolo\u010denskej hre nehr\u00e1me proti sebe, ale spolu. Hr\u00e1me s hrou, nie proti nej. H\u013ead\u00e1me cesty, budujeme \u0161trukt\u00faru. \u00dastredn\u00fd pr\u00edbeh je o Anne, malom diev\u010datku, ktor\u00e9 n\u00e1s sprev\u00e1dza svojim svetom. Kde je Anna? Je ot\u00e1zka, na ktor\u00fa pomocou hry odpoved\u00e1me. [&hellip;]<\/p>","protected":false},"author":2,"featured_media":16078,"comment_status":"closed","ping_status":"closed","sticky":false,"template":"","format":"standard","meta":{"footnotes":""},"categories":[900,908,786],"tags":[],"_links":{"self":[{"href":"https:\/\/www.bratislavadesignweek.sk\/en\/wp-json\/wp\/v2\/posts\/16076"}],"collection":[{"href":"https:\/\/www.bratislavadesignweek.sk\/en\/wp-json\/wp\/v2\/posts"}],"about":[{"href":"https:\/\/www.bratislavadesignweek.sk\/en\/wp-json\/wp\/v2\/types\/post"}],"author":[{"embeddable":true,"href":"https:\/\/www.bratislavadesignweek.sk\/en\/wp-json\/wp\/v2\/users\/2"}],"replies":[{"embeddable":true,"href":"https:\/\/www.bratislavadesignweek.sk\/en\/wp-json\/wp\/v2\/comments?post=16076"}],"version-history":[{"count":1,"href":"https:\/\/www.bratislavadesignweek.sk\/en\/wp-json\/wp\/v2\/posts\/16076\/revisions"}],"predecessor-version":[{"id":16081,"href":"https:\/\/www.bratislavadesignweek.sk\/en\/wp-json\/wp\/v2\/posts\/16076\/revisions\/16081"}],"wp:featuredmedia":[{"embeddable":true,"href":"https:\/\/www.bratislavadesignweek.sk\/en\/wp-json\/wp\/v2\/media\/16078"}],"wp:attachment":[{"href":"https:\/\/www.bratislavadesignweek.sk\/en\/wp-json\/wp\/v2\/media?parent=16076"}],"wp:term":[{"taxonomy":"category","embeddable":true,"href":"https:\/\/www.bratislavadesignweek.sk\/en\/wp-json\/wp\/v2\/categories?post=16076"},{"taxonomy":"post_tag","embeddable":true,"href":"https:\/\/www.bratislavadesignweek.sk\/en\/wp-json\/wp\/v2\/tags?post=16076"}],"curies":[{"name":"wp","href":"https:\/\/api.w.org\/{rel}","templated":true}]}}