{"id":16084,"date":"2025-09-14T09:56:33","date_gmt":"2025-09-14T07:56:33","guid":{"rendered":"https:\/\/www.bratislavadesignweek.sk\/?p=16084"},"modified":"2025-09-19T21:22:04","modified_gmt":"2025-09-19T19:22:04","slug":"open-call-dizajn-lab-cindy-fodor-wet-look","status":"publish","type":"post","link":"https:\/\/www.bratislavadesignweek.sk\/en\/open-call-dizajn-lab-cindy-fodor-wet-look\/","title":{"rendered":"OPEN CALL \/ DIZAJN LAB \/ CINDY FODOR: WET LOOK"},"content":{"rendered":"<p>Kab\u00e1t bol navrhnut\u00fd v ateli\u00e9ri Cindy Fodor, funguj\u00facom z\u00e1rove\u0148 ako laborat\u00f3riom, v&nbsp;ktorom experimentuje s l\u00e1tkami vlastnej v\u00fdroby. Pre kab\u00e1t Wet Look autorka vyvinula text\u00edliu mixuj\u00facu prieh\u013eadn\u00fd tyl s&nbsp;autorskou l\u00e1tkou z&nbsp;algin\u00e1tu.<\/p>\n\n\n\n<p>The coat was made in Cindy Fodor`s Atelier which is also a laboratory. She is experimenting with self-made fabrics. This coat was made by mixing transparent tulle fabric and the designers own fabric made from alginate.<\/p>\n\n\n\n<p>@cindyfodor<\/p>\n\n\n\n<p>www.cindyfodor.com<\/p>\n\n\n\n<figure class=\"wp-block-gallery has-nested-images columns-default is-cropped wp-block-gallery-1 is-layout-flex wp-block-gallery-is-layout-flex\">\n<figure class=\"wp-block-image size-large\"><a href=\"https:\/\/www.bratislavadesignweek.sk\/wp-content\/uploads\/2025\/09\/cindy-fodor.jpg\"><img fetchpriority=\"high\" decoding=\"async\" width=\"819\" height=\"1024\" data-id=\"16085\" src=\"https:\/\/www.bratislavadesignweek.sk\/wp-content\/uploads\/2025\/09\/cindy-fodor-819x1024.jpg\" alt=\"\" class=\"wp-image-16085\" srcset=\"https:\/\/www.bratislavadesignweek.sk\/wp-content\/uploads\/2025\/09\/cindy-fodor-819x1024.jpg 819w, https:\/\/www.bratislavadesignweek.sk\/wp-content\/uploads\/2025\/09\/cindy-fodor-240x300.jpg 240w, https:\/\/www.bratislavadesignweek.sk\/wp-content\/uploads\/2025\/09\/cindy-fodor-768x960.jpg 768w, https:\/\/www.bratislavadesignweek.sk\/wp-content\/uploads\/2025\/09\/cindy-fodor-10x12.jpg 10w, https:\/\/www.bratislavadesignweek.sk\/wp-content\/uploads\/2025\/09\/cindy-fodor.jpg 1024w\" sizes=\"(max-width: 819px) 100vw, 819px\" \/><\/a><\/figure>\n<\/figure>","protected":false},"excerpt":{"rendered":"<p>Kab\u00e1t bol navrhnut\u00fd v ateli\u00e9ri Cindy Fodor, funguj\u00facom z\u00e1rove\u0148 ako laborat\u00f3riom, v&nbsp;ktorom experimentuje s l\u00e1tkami vlastnej v\u00fdroby. Pre kab\u00e1t Wet Look autorka vyvinula text\u00edliu mixuj\u00facu prieh\u013eadn\u00fd tyl s&nbsp;autorskou l\u00e1tkou z&nbsp;algin\u00e1tu. The coat was made in Cindy Fodor`s Atelier which is also a laboratory. She is experimenting with self-made fabrics. This coat was made by mixing [&hellip;]<\/p>","protected":false},"author":2,"featured_media":16086,"comment_status":"closed","ping_status":"closed","sticky":false,"template":"","format":"standard","meta":{"footnotes":""},"categories":[900,908,786],"tags":[],"_links":{"self":[{"href":"https:\/\/www.bratislavadesignweek.sk\/en\/wp-json\/wp\/v2\/posts\/16084"}],"collection":[{"href":"https:\/\/www.bratislavadesignweek.sk\/en\/wp-json\/wp\/v2\/posts"}],"about":[{"href":"https:\/\/www.bratislavadesignweek.sk\/en\/wp-json\/wp\/v2\/types\/post"}],"author":[{"embeddable":true,"href":"https:\/\/www.bratislavadesignweek.sk\/en\/wp-json\/wp\/v2\/users\/2"}],"replies":[{"embeddable":true,"href":"https:\/\/www.bratislavadesignweek.sk\/en\/wp-json\/wp\/v2\/comments?post=16084"}],"version-history":[{"count":1,"href":"https:\/\/www.bratislavadesignweek.sk\/en\/wp-json\/wp\/v2\/posts\/16084\/revisions"}],"predecessor-version":[{"id":16089,"href":"https:\/\/www.bratislavadesignweek.sk\/en\/wp-json\/wp\/v2\/posts\/16084\/revisions\/16089"}],"wp:featuredmedia":[{"embeddable":true,"href":"https:\/\/www.bratislavadesignweek.sk\/en\/wp-json\/wp\/v2\/media\/16086"}],"wp:attachment":[{"href":"https:\/\/www.bratislavadesignweek.sk\/en\/wp-json\/wp\/v2\/media?parent=16084"}],"wp:term":[{"taxonomy":"category","embeddable":true,"href":"https:\/\/www.bratislavadesignweek.sk\/en\/wp-json\/wp\/v2\/categories?post=16084"},{"taxonomy":"post_tag","embeddable":true,"href":"https:\/\/www.bratislavadesignweek.sk\/en\/wp-json\/wp\/v2\/tags?post=16084"}],"curies":[{"name":"wp","href":"https:\/\/api.w.org\/{rel}","templated":true}]}}