{"id":16092,"date":"2025-09-14T09:58:12","date_gmt":"2025-09-14T07:58:12","guid":{"rendered":"https:\/\/www.bratislavadesignweek.sk\/?p=16092"},"modified":"2025-09-19T21:21:56","modified_gmt":"2025-09-19T19:21:56","slug":"open-call-school-area-diana-kusyova-kovxker","status":"publish","type":"post","link":"https:\/\/www.bratislavadesignweek.sk\/en\/open-call-school-area-diana-kusyova-kovxker\/","title":{"rendered":"OPEN CALL \/ SCHOOL AREA \/ DIANA KUSYOV\u00c1: KOVXKER"},"content":{"rendered":"<p>Ateli\u00e9r keramiky, V\u0160VU Bratislava<\/p>\n\n\n\n<p>KovxKer je experiment\u00e1lna keramick\u00e1 kolekcia, ktor\u00e1 ukazuje jedine\u010dn\u00e9 mo\u017enosti kombin\u00e1cie medi a keramiky. Ide o sk\u00famanie potenci\u00e1lu materi\u00e1lov a sp\u00f4sobov, ak\u00fdmi na seba p\u00f4sobia. Ka\u017ed\u00fd kus je ru\u010dne vyroben\u00fd origin\u00e1l so svojou vlastnou text\u00farou a vzorom. Kolekcia je vytvoren\u00e1 tak, \u017ee autor nem\u00f4\u017ee ovplyvni\u0165 mnoh\u00e9 prvky kv\u00f4li interakcii medi a keramiky, ktor\u00e1 m\u00e1 po v\u00fdpale v\u017edy in\u00fd estetick\u00fd v\u00fdsledok. Ka\u017ed\u00e1 v\u00e1za je preto jedine\u010dn\u00e1 a neopakovate\u013en\u00e1. \u200b<\/p>\n\n\n\n<figure class=\"wp-block-gallery has-nested-images columns-default is-cropped wp-block-gallery-1 is-layout-flex wp-block-gallery-is-layout-flex\">\n<figure class=\"wp-block-image size-large\"><a href=\"https:\/\/www.bratislavadesignweek.sk\/wp-content\/uploads\/2025\/09\/diana-kusyova.png\"><img fetchpriority=\"high\" decoding=\"async\" width=\"672\" height=\"1024\" data-id=\"16093\" src=\"https:\/\/www.bratislavadesignweek.sk\/wp-content\/uploads\/2025\/09\/diana-kusyova.png\" alt=\"\" class=\"wp-image-16093\" srcset=\"https:\/\/www.bratislavadesignweek.sk\/wp-content\/uploads\/2025\/09\/diana-kusyova.png 672w, https:\/\/www.bratislavadesignweek.sk\/wp-content\/uploads\/2025\/09\/diana-kusyova-197x300.png 197w, https:\/\/www.bratislavadesignweek.sk\/wp-content\/uploads\/2025\/09\/diana-kusyova-8x12.png 8w\" sizes=\"(max-width: 672px) 100vw, 672px\" \/><\/a><\/figure>\n<\/figure>","protected":false},"excerpt":{"rendered":"<p>Ateli\u00e9r keramiky, V\u0160VU Bratislava KovxKer je experiment\u00e1lna keramick\u00e1 kolekcia, ktor\u00e1 ukazuje jedine\u010dn\u00e9 mo\u017enosti kombin\u00e1cie medi a keramiky. Ide o sk\u00famanie potenci\u00e1lu materi\u00e1lov a sp\u00f4sobov, ak\u00fdmi na seba p\u00f4sobia. Ka\u017ed\u00fd kus je ru\u010dne vyroben\u00fd origin\u00e1l so svojou vlastnou text\u00farou a vzorom. Kolekcia je vytvoren\u00e1 tak, \u017ee autor nem\u00f4\u017ee ovplyvni\u0165 mnoh\u00e9 prvky kv\u00f4li interakcii medi a keramiky, [&hellip;]<\/p>","protected":false},"author":2,"featured_media":16094,"comment_status":"closed","ping_status":"closed","sticky":false,"template":"","format":"standard","meta":{"footnotes":""},"categories":[900,908,786],"tags":[],"_links":{"self":[{"href":"https:\/\/www.bratislavadesignweek.sk\/en\/wp-json\/wp\/v2\/posts\/16092"}],"collection":[{"href":"https:\/\/www.bratislavadesignweek.sk\/en\/wp-json\/wp\/v2\/posts"}],"about":[{"href":"https:\/\/www.bratislavadesignweek.sk\/en\/wp-json\/wp\/v2\/types\/post"}],"author":[{"embeddable":true,"href":"https:\/\/www.bratislavadesignweek.sk\/en\/wp-json\/wp\/v2\/users\/2"}],"replies":[{"embeddable":true,"href":"https:\/\/www.bratislavadesignweek.sk\/en\/wp-json\/wp\/v2\/comments?post=16092"}],"version-history":[{"count":1,"href":"https:\/\/www.bratislavadesignweek.sk\/en\/wp-json\/wp\/v2\/posts\/16092\/revisions"}],"predecessor-version":[{"id":16097,"href":"https:\/\/www.bratislavadesignweek.sk\/en\/wp-json\/wp\/v2\/posts\/16092\/revisions\/16097"}],"wp:featuredmedia":[{"embeddable":true,"href":"https:\/\/www.bratislavadesignweek.sk\/en\/wp-json\/wp\/v2\/media\/16094"}],"wp:attachment":[{"href":"https:\/\/www.bratislavadesignweek.sk\/en\/wp-json\/wp\/v2\/media?parent=16092"}],"wp:term":[{"taxonomy":"category","embeddable":true,"href":"https:\/\/www.bratislavadesignweek.sk\/en\/wp-json\/wp\/v2\/categories?post=16092"},{"taxonomy":"post_tag","embeddable":true,"href":"https:\/\/www.bratislavadesignweek.sk\/en\/wp-json\/wp\/v2\/tags?post=16092"}],"curies":[{"name":"wp","href":"https:\/\/api.w.org\/{rel}","templated":true}]}}