{"id":16117,"date":"2025-09-14T10:03:45","date_gmt":"2025-09-14T08:03:45","guid":{"rendered":"https:\/\/www.bratislavadesignweek.sk\/?p=16117"},"modified":"2025-09-19T21:21:30","modified_gmt":"2025-09-19T19:21:30","slug":"open-call-dizajn-lab-kristina-oskerova-hebtera","status":"publish","type":"post","link":"https:\/\/www.bratislavadesignweek.sk\/en\/open-call-dizajn-lab-kristina-oskerova-hebtera\/","title":{"rendered":"OPEN CALL \/ DIZAJN LAB \/ KRIST\u00cdNA O\u0160KEROV\u00c1: HEBTERA"},"content":{"rendered":"<p>Pr\u00e1ca je zameran\u00e1 na vytvorenie autorskej \u017eak\u00e1rovej text\u00edlie, ktor\u00e1 je pou\u017eit\u00e1 ako po\u0165ahov\u00e1 l\u00e1tka s umeleck\u00fdm presahom v dizajne. Vizu\u00e1lne spracovanie tkaniny je in\u0161pirovan\u00e9 hmyzom \u2013 jeho r\u00f4znorodos\u0165ou, mnohopo\u010detnos\u0165ou, farebnou a tvarovou variabilitou. \u017dak\u00e1rov\u00e1 text\u00edlia je realizovan\u00e1 na digit\u00e1lnych krosn\u00e1ch TC2, pri\u010dom t\u00e1to technol\u00f3gia umo\u017e\u0148uje manu\u00e1lne experimentova\u0165 s v\u00fdberom materi\u00e1lu a umelecky sa vyjadrova\u0165 prostredn\u00edctvom dez\u00e9nu a v\u00e4zieb. Spojen\u00edm manu\u00e1lneho experimentovania, v\u00fdberu materi\u00e1lu, textiln\u00fdch v\u00e4zieb v kombin\u00e1ci\u00ed s dez\u00e9nom, sa autorka sna\u017e\u00ed lep\u0161ie sprostredkova\u0165 u\u017e\u00edvate\u013eovi produktu em\u00f3ciu, s ktorou ako textiln\u00e1 v\u00fdtvarn\u00ed\u010dka a\u00a0dizajn\u00e9rka pracuje. Dielo vzniklo v\u00a0spolupr\u00e1ci n\u00e1bytkovou firmou Domark.<\/p>\n\n\n\n<figure class=\"wp-block-gallery has-nested-images columns-default is-cropped wp-block-gallery-1 is-layout-flex wp-block-gallery-is-layout-flex\">\n<figure class=\"wp-block-image size-large\"><a href=\"https:\/\/www.bratislavadesignweek.sk\/wp-content\/uploads\/2025\/09\/kristina-oskerova.jpg\"><img fetchpriority=\"high\" decoding=\"async\" width=\"682\" height=\"1024\" data-id=\"16118\" src=\"https:\/\/www.bratislavadesignweek.sk\/wp-content\/uploads\/2025\/09\/kristina-oskerova-682x1024.jpg\" alt=\"\" class=\"wp-image-16118\" srcset=\"https:\/\/www.bratislavadesignweek.sk\/wp-content\/uploads\/2025\/09\/kristina-oskerova-682x1024.jpg 682w, https:\/\/www.bratislavadesignweek.sk\/wp-content\/uploads\/2025\/09\/kristina-oskerova-200x300.jpg 200w, https:\/\/www.bratislavadesignweek.sk\/wp-content\/uploads\/2025\/09\/kristina-oskerova-768x1152.jpg 768w, https:\/\/www.bratislavadesignweek.sk\/wp-content\/uploads\/2025\/09\/kristina-oskerova-1024x1536.jpg 1024w, https:\/\/www.bratislavadesignweek.sk\/wp-content\/uploads\/2025\/09\/kristina-oskerova-1365x2048.jpg 1365w, https:\/\/www.bratislavadesignweek.sk\/wp-content\/uploads\/2025\/09\/kristina-oskerova-8x12.jpg 8w, https:\/\/www.bratislavadesignweek.sk\/wp-content\/uploads\/2025\/09\/kristina-oskerova.jpg 1706w\" sizes=\"(max-width: 682px) 100vw, 682px\" \/><\/a><\/figure>\n<\/figure>","protected":false},"excerpt":{"rendered":"<p>Pr\u00e1ca je zameran\u00e1 na vytvorenie autorskej \u017eak\u00e1rovej text\u00edlie, ktor\u00e1 je pou\u017eit\u00e1 ako po\u0165ahov\u00e1 l\u00e1tka s umeleck\u00fdm presahom v dizajne. Vizu\u00e1lne spracovanie tkaniny je in\u0161pirovan\u00e9 hmyzom \u2013 jeho r\u00f4znorodos\u0165ou, mnohopo\u010detnos\u0165ou, farebnou a tvarovou variabilitou. \u017dak\u00e1rov\u00e1 text\u00edlia je realizovan\u00e1 na digit\u00e1lnych krosn\u00e1ch TC2, pri\u010dom t\u00e1to technol\u00f3gia umo\u017e\u0148uje manu\u00e1lne experimentova\u0165 s v\u00fdberom materi\u00e1lu a umelecky sa vyjadrova\u0165 prostredn\u00edctvom [&hellip;]<\/p>","protected":false},"author":2,"featured_media":16119,"comment_status":"closed","ping_status":"closed","sticky":false,"template":"","format":"standard","meta":{"footnotes":""},"categories":[900,908,786],"tags":[],"_links":{"self":[{"href":"https:\/\/www.bratislavadesignweek.sk\/en\/wp-json\/wp\/v2\/posts\/16117"}],"collection":[{"href":"https:\/\/www.bratislavadesignweek.sk\/en\/wp-json\/wp\/v2\/posts"}],"about":[{"href":"https:\/\/www.bratislavadesignweek.sk\/en\/wp-json\/wp\/v2\/types\/post"}],"author":[{"embeddable":true,"href":"https:\/\/www.bratislavadesignweek.sk\/en\/wp-json\/wp\/v2\/users\/2"}],"replies":[{"embeddable":true,"href":"https:\/\/www.bratislavadesignweek.sk\/en\/wp-json\/wp\/v2\/comments?post=16117"}],"version-history":[{"count":1,"href":"https:\/\/www.bratislavadesignweek.sk\/en\/wp-json\/wp\/v2\/posts\/16117\/revisions"}],"predecessor-version":[{"id":16122,"href":"https:\/\/www.bratislavadesignweek.sk\/en\/wp-json\/wp\/v2\/posts\/16117\/revisions\/16122"}],"wp:featuredmedia":[{"embeddable":true,"href":"https:\/\/www.bratislavadesignweek.sk\/en\/wp-json\/wp\/v2\/media\/16119"}],"wp:attachment":[{"href":"https:\/\/www.bratislavadesignweek.sk\/en\/wp-json\/wp\/v2\/media?parent=16117"}],"wp:term":[{"taxonomy":"category","embeddable":true,"href":"https:\/\/www.bratislavadesignweek.sk\/en\/wp-json\/wp\/v2\/categories?post=16117"},{"taxonomy":"post_tag","embeddable":true,"href":"https:\/\/www.bratislavadesignweek.sk\/en\/wp-json\/wp\/v2\/tags?post=16117"}],"curies":[{"name":"wp","href":"https:\/\/api.w.org\/{rel}","templated":true}]}}