{"id":16125,"date":"2025-09-14T10:05:35","date_gmt":"2025-09-14T08:05:35","guid":{"rendered":"https:\/\/www.bratislavadesignweek.sk\/?p=16125"},"modified":"2025-09-19T21:21:21","modified_gmt":"2025-09-19T19:21:21","slug":"open-call-school-area-lenka-slackova-re-blue","status":"publish","type":"post","link":"https:\/\/www.bratislavadesignweek.sk\/en\/open-call-school-area-lenka-slackova-re-blue\/","title":{"rendered":"OPEN CALL \/ SCHOOL AREA \/ LENKA SLA\u010cKOV\u00c1: RE-BLUE"},"content":{"rendered":"<p>Ateli\u00e9r textiln\u00e9ho dizajnu, V\u0160VU Bratislava<br><br>Cie\u013eom mojej pr\u00e1ce bolo presk\u00fama\u0165 mo\u017enosti op\u00e4tovn\u00e9ho vyu\u017eitia opotrebovan\u00fdch d\u017e\u00ednsov a ich transform\u00e1ciu na nov\u00fd materi\u00e1l. Na za\u010diatku som s d\u017e\u00ednsovinou pracovala ako s plo\u0161nou text\u00edliou, no postupn\u00fdm experimentovan\u00edm som dospela k jej rozdrveniu a vytvoreniu zmesi, ktor\u00e1 umo\u017enila in\u00fd sp\u00f4sob spracovania. Spojen\u00edm s buni\u010dinou vznikol nov\u00fd materi\u00e1l, pri\u010dom voda zohrala z\u00e1sadn\u00fa \u00falohu. Pomohla buni\u010dine rozvl\u00e1kni\u0165 sa a umo\u017enila jej lep\u0161ie sa premie\u0161a\u0165 s d\u017e\u00ednsovou dr\u0165ou. V\u00fdsledkom bola ka\u0161ovit\u00e1 hmota, ktor\u00fa bolo mo\u017en\u00e9 tvarova\u0165. Nov\u00fd materi\u00e1l si s\u00edce zachoval fragmenty p\u00f4vodnej text\u00edlie, ako s\u00fa k\u00fasky nit\u00ed, \u010di pigmenty z odpadovej vody, no jeho v\u00fdsledn\u00e1 podoba p\u00f4sob\u00ed s\u00fastredene a pokojne. Po\u010das v\u00fdvoja som testovala r\u00f4zne zlo\u017eenia, farebnosti, hr\u00fabky a sp\u00f4soby tvarovania. <\/p>\n\n\n\n<p>V r\u00e1mci in\u0161tal\u00e1cie som sa sna\u017eila jednotliv\u00e9 \u010dasti sklada\u0165 do r\u00f4znych kompozi\u010dn\u00fdch a\u00a0farebn\u00fdch vari\u00e1ci\u00ed, ktor\u00e9 nazna\u010duj\u00fa mo\u017enosti bud\u00faceho uplatnenia materi\u00e1lu ako obkladov\u00e9ho syst\u00e9mu na stenu. V\u00fdsledkom s\u00fa prototypy pl\u00f4ch, ktor\u00e9 kombinuj\u00fa v\u00fdtvarn\u00fd v\u00fdraz s funk\u010dn\u00fdmi vlastnos\u0165ami. Materi\u00e1l v s\u00fa\u010dasnosti vznik\u00e1 ru\u010dne, no m\u00e1 potenci\u00e1l pre technick\u00fd rozvoj. V bud\u00facnosti by bolo mo\u017en\u00e9 navrhn\u00fa\u0165 \u0161pecifick\u00e9 formy a lisy, ktor\u00e9 by umo\u017enili jeho s\u00e9riov\u00fa v\u00fdrobu a \u0161ir\u0161ie uplatnenie. Pr\u00e1ca RE-BLUE je pre m\u0148a sp\u00f4sobom, ako prehodnoti\u0165 hodnotu textiln\u00e9ho odpadu a transformova\u0165 ho na nov\u00fa zmyslupln\u00fa hmotu, ktor\u00e1 m\u00f4\u017ee \u010falej \u017ei\u0165 vo v\u00fdtvarnom aj funk\u010dnom kontexte.<\/p>\n\n\n\n<figure class=\"wp-block-gallery has-nested-images columns-default is-cropped wp-block-gallery-1 is-layout-flex wp-block-gallery-is-layout-flex\">\n<figure class=\"wp-block-image size-large\"><a href=\"https:\/\/www.bratislavadesignweek.sk\/wp-content\/uploads\/2025\/09\/Lenka-Slackova_3.jpg\"><img fetchpriority=\"high\" decoding=\"async\" width=\"683\" height=\"1024\" data-id=\"16126\" src=\"https:\/\/www.bratislavadesignweek.sk\/wp-content\/uploads\/2025\/09\/Lenka-Slackova_3-683x1024.jpg\" alt=\"\" class=\"wp-image-16126\" srcset=\"https:\/\/www.bratislavadesignweek.sk\/wp-content\/uploads\/2025\/09\/Lenka-Slackova_3-683x1024.jpg 683w, https:\/\/www.bratislavadesignweek.sk\/wp-content\/uploads\/2025\/09\/Lenka-Slackova_3-200x300.jpg 200w, https:\/\/www.bratislavadesignweek.sk\/wp-content\/uploads\/2025\/09\/Lenka-Slackova_3-768x1152.jpg 768w, https:\/\/www.bratislavadesignweek.sk\/wp-content\/uploads\/2025\/09\/Lenka-Slackova_3-1024x1536.jpg 1024w, https:\/\/www.bratislavadesignweek.sk\/wp-content\/uploads\/2025\/09\/Lenka-Slackova_3-1366x2048.jpg 1366w, https:\/\/www.bratislavadesignweek.sk\/wp-content\/uploads\/2025\/09\/Lenka-Slackova_3-8x12.jpg 8w, https:\/\/www.bratislavadesignweek.sk\/wp-content\/uploads\/2025\/09\/Lenka-Slackova_3.jpg 1707w\" sizes=\"(max-width: 683px) 100vw, 683px\" \/><\/a><\/figure>\n<\/figure>","protected":false},"excerpt":{"rendered":"<p>Ateli\u00e9r textiln\u00e9ho dizajnu, V\u0160VU Bratislava Cie\u013eom mojej pr\u00e1ce bolo presk\u00fama\u0165 mo\u017enosti op\u00e4tovn\u00e9ho vyu\u017eitia opotrebovan\u00fdch d\u017e\u00ednsov a ich transform\u00e1ciu na nov\u00fd materi\u00e1l. Na za\u010diatku som s d\u017e\u00ednsovinou pracovala ako s plo\u0161nou text\u00edliou, no postupn\u00fdm experimentovan\u00edm som dospela k jej rozdrveniu a vytvoreniu zmesi, ktor\u00e1 umo\u017enila in\u00fd sp\u00f4sob spracovania. Spojen\u00edm s buni\u010dinou vznikol nov\u00fd materi\u00e1l, pri\u010dom voda [&hellip;]<\/p>","protected":false},"author":2,"featured_media":16127,"comment_status":"closed","ping_status":"closed","sticky":false,"template":"","format":"standard","meta":{"footnotes":""},"categories":[900,908,786],"tags":[],"_links":{"self":[{"href":"https:\/\/www.bratislavadesignweek.sk\/en\/wp-json\/wp\/v2\/posts\/16125"}],"collection":[{"href":"https:\/\/www.bratislavadesignweek.sk\/en\/wp-json\/wp\/v2\/posts"}],"about":[{"href":"https:\/\/www.bratislavadesignweek.sk\/en\/wp-json\/wp\/v2\/types\/post"}],"author":[{"embeddable":true,"href":"https:\/\/www.bratislavadesignweek.sk\/en\/wp-json\/wp\/v2\/users\/2"}],"replies":[{"embeddable":true,"href":"https:\/\/www.bratislavadesignweek.sk\/en\/wp-json\/wp\/v2\/comments?post=16125"}],"version-history":[{"count":1,"href":"https:\/\/www.bratislavadesignweek.sk\/en\/wp-json\/wp\/v2\/posts\/16125\/revisions"}],"predecessor-version":[{"id":16130,"href":"https:\/\/www.bratislavadesignweek.sk\/en\/wp-json\/wp\/v2\/posts\/16125\/revisions\/16130"}],"wp:featuredmedia":[{"embeddable":true,"href":"https:\/\/www.bratislavadesignweek.sk\/en\/wp-json\/wp\/v2\/media\/16127"}],"wp:attachment":[{"href":"https:\/\/www.bratislavadesignweek.sk\/en\/wp-json\/wp\/v2\/media?parent=16125"}],"wp:term":[{"taxonomy":"category","embeddable":true,"href":"https:\/\/www.bratislavadesignweek.sk\/en\/wp-json\/wp\/v2\/categories?post=16125"},{"taxonomy":"post_tag","embeddable":true,"href":"https:\/\/www.bratislavadesignweek.sk\/en\/wp-json\/wp\/v2\/tags?post=16125"}],"curies":[{"name":"wp","href":"https:\/\/api.w.org\/{rel}","templated":true}]}}