{"id":16133,"date":"2025-09-14T10:07:26","date_gmt":"2025-09-14T08:07:26","guid":{"rendered":"https:\/\/www.bratislavadesignweek.sk\/?p=16133"},"modified":"2025-09-19T21:21:11","modified_gmt":"2025-09-19T19:21:11","slug":"open-call-dizajn-lab-livia-rasova-vlna-pod-tatrami-herbarium","status":"publish","type":"post","link":"https:\/\/www.bratislavadesignweek.sk\/en\/open-call-dizajn-lab-livia-rasova-vlna-pod-tatrami-herbarium\/","title":{"rendered":"OPEN CALL \/ DIZAJN LAB \/ L\u00cdVIA R\u00c1\u0160OV\u00c1 \/ VLNA POD TATRAMI: HERBARIUM"},"content":{"rendered":"<p>Herbarium je kolekcia ru\u010dne pleten\u00fdch odevov a doplnkov z ov\u010dej vlny a upcyklovan\u00fdch materi\u00e1lov. Je in\u0161pirovan\u00e1 divoko rast\u00facimi lie\u010div\u00fdmi rastlinami ako p\u0155h\u013eava dvojdom\u00e1 \u010di \u010fatelina dvojdom\u00e1, ale aj z\u00e1konom chr\u00e1nen\u00fdmi rastlinami Vysok\u00fdch a Z\u00e1padn\u00fdch Tatier ako py\u0161tek alp\u00ednsky, horec Clusiov, alebo aj h\u00fab (hr\u00edb dubov\u00fd) a obiln\u00edn (ja\u010dme\u0148 siaty).<\/p>\n\n\n\n<p><br>Autorka sk\u00fama ich rast, \u00fa\u010dinky, tvarov\u00fa aj farebn\u00fa estetiku. V\u00fdsledky pozorovan\u00ed spracov\u00e1va vo svojich n\u00e1vrhoch, ktor\u00e9 n\u00e1sledne aplikuje do siluet jednotliv\u00fdch odevov a vypletan\u00fdch vzorov. \u010cas\u0165 kolekcie je upleten\u00e1 z vlny oviec od slovensk\u00fdch chovate\u013eov a je \u00faprimnou poctou lok\u00e1lnym trad\u00edci\u00e1m. Kolekcia Herbarium nezost\u00e1va len v rovine estetiky, ale otv\u00e1ra d\u00f4le\u017eit\u00e9 ot\u00e1zky t\u00fdkaj\u00face sa vyu\u017eitia lie\u010div\u00fdch rastl\u00edn v na\u0161om ka\u017edodennom \u017eivote, potrebu ich hlb\u0161ieho vedeck\u00e9ho sk\u00famania, ochrany, ale aj zd\u00f4raznenia ich hodnoty v\u00a0na\u0161om antropocentricky orientovan\u00e9ho svete. Kolekcia Herbarium nie je len o dizajne oble\u010denia, ale predov\u0161etk\u00fdm o d\u00f4slednosti pomalej m\u00f3dy a symbi\u00f3ze s botanikou. Obracia n\u00e1\u0161 poh\u013ead na okolit\u00fa pr\u00edrodu a elementy, ktor\u00e9 ju tvoria. Z\u00e1rove\u0148 odkazuje na remeseln\u00fa zru\u010dnos\u0165 a prec\u00edznos\u0165 textilnej tvorby na\u0161ich predkov.<\/p>\n\n\n\n<figure class=\"wp-block-gallery has-nested-images columns-default is-cropped wp-block-gallery-1 is-layout-flex wp-block-gallery-is-layout-flex\">\n<figure class=\"wp-block-image size-large\"><a href=\"https:\/\/www.bratislavadesignweek.sk\/wp-content\/uploads\/2025\/09\/livia-rasova-2.png\"><img fetchpriority=\"high\" decoding=\"async\" width=\"981\" height=\"576\" data-id=\"16134\" src=\"https:\/\/www.bratislavadesignweek.sk\/wp-content\/uploads\/2025\/09\/livia-rasova-2.png\" alt=\"\" class=\"wp-image-16134\" srcset=\"https:\/\/www.bratislavadesignweek.sk\/wp-content\/uploads\/2025\/09\/livia-rasova-2.png 981w, https:\/\/www.bratislavadesignweek.sk\/wp-content\/uploads\/2025\/09\/livia-rasova-2-300x176.png 300w, https:\/\/www.bratislavadesignweek.sk\/wp-content\/uploads\/2025\/09\/livia-rasova-2-768x451.png 768w, https:\/\/www.bratislavadesignweek.sk\/wp-content\/uploads\/2025\/09\/livia-rasova-2-18x12.png 18w\" sizes=\"(max-width: 981px) 100vw, 981px\" \/><\/a><\/figure>\n\n\n\n<figure class=\"wp-block-image size-large\"><a href=\"https:\/\/www.bratislavadesignweek.sk\/wp-content\/uploads\/2025\/09\/livia-rasova.png\"><img decoding=\"async\" width=\"768\" height=\"1024\" data-id=\"16135\" src=\"https:\/\/www.bratislavadesignweek.sk\/wp-content\/uploads\/2025\/09\/livia-rasova-768x1024.png\" alt=\"\" class=\"wp-image-16135\" srcset=\"https:\/\/www.bratislavadesignweek.sk\/wp-content\/uploads\/2025\/09\/livia-rasova-768x1024.png 768w, https:\/\/www.bratislavadesignweek.sk\/wp-content\/uploads\/2025\/09\/livia-rasova-225x300.png 225w, https:\/\/www.bratislavadesignweek.sk\/wp-content\/uploads\/2025\/09\/livia-rasova-1152x1536.png 1152w, https:\/\/www.bratislavadesignweek.sk\/wp-content\/uploads\/2025\/09\/livia-rasova-9x12.png 9w, https:\/\/www.bratislavadesignweek.sk\/wp-content\/uploads\/2025\/09\/livia-rasova.png 1210w\" sizes=\"(max-width: 768px) 100vw, 768px\" \/><\/a><\/figure>\n<\/figure>","protected":false},"excerpt":{"rendered":"<p>Herbarium je kolekcia ru\u010dne pleten\u00fdch odevov a doplnkov z ov\u010dej vlny a upcyklovan\u00fdch materi\u00e1lov. Je in\u0161pirovan\u00e1 divoko rast\u00facimi lie\u010div\u00fdmi rastlinami ako p\u0155h\u013eava dvojdom\u00e1 \u010di \u010fatelina dvojdom\u00e1, ale aj z\u00e1konom chr\u00e1nen\u00fdmi rastlinami Vysok\u00fdch a Z\u00e1padn\u00fdch Tatier ako py\u0161tek alp\u00ednsky, horec Clusiov, alebo aj h\u00fab (hr\u00edb dubov\u00fd) a obiln\u00edn (ja\u010dme\u0148 siaty). Autorka sk\u00fama ich rast, \u00fa\u010dinky, tvarov\u00fa [&hellip;]<\/p>","protected":false},"author":2,"featured_media":16136,"comment_status":"closed","ping_status":"closed","sticky":false,"template":"","format":"standard","meta":{"footnotes":""},"categories":[900,908,786],"tags":[],"_links":{"self":[{"href":"https:\/\/www.bratislavadesignweek.sk\/en\/wp-json\/wp\/v2\/posts\/16133"}],"collection":[{"href":"https:\/\/www.bratislavadesignweek.sk\/en\/wp-json\/wp\/v2\/posts"}],"about":[{"href":"https:\/\/www.bratislavadesignweek.sk\/en\/wp-json\/wp\/v2\/types\/post"}],"author":[{"embeddable":true,"href":"https:\/\/www.bratislavadesignweek.sk\/en\/wp-json\/wp\/v2\/users\/2"}],"replies":[{"embeddable":true,"href":"https:\/\/www.bratislavadesignweek.sk\/en\/wp-json\/wp\/v2\/comments?post=16133"}],"version-history":[{"count":1,"href":"https:\/\/www.bratislavadesignweek.sk\/en\/wp-json\/wp\/v2\/posts\/16133\/revisions"}],"predecessor-version":[{"id":16139,"href":"https:\/\/www.bratislavadesignweek.sk\/en\/wp-json\/wp\/v2\/posts\/16133\/revisions\/16139"}],"wp:featuredmedia":[{"embeddable":true,"href":"https:\/\/www.bratislavadesignweek.sk\/en\/wp-json\/wp\/v2\/media\/16136"}],"wp:attachment":[{"href":"https:\/\/www.bratislavadesignweek.sk\/en\/wp-json\/wp\/v2\/media?parent=16133"}],"wp:term":[{"taxonomy":"category","embeddable":true,"href":"https:\/\/www.bratislavadesignweek.sk\/en\/wp-json\/wp\/v2\/categories?post=16133"},{"taxonomy":"post_tag","embeddable":true,"href":"https:\/\/www.bratislavadesignweek.sk\/en\/wp-json\/wp\/v2\/tags?post=16133"}],"curies":[{"name":"wp","href":"https:\/\/api.w.org\/{rel}","templated":true}]}}