{"id":16142,"date":"2025-09-14T10:13:50","date_gmt":"2025-09-14T08:13:50","guid":{"rendered":"https:\/\/www.bratislavadesignweek.sk\/?p=16142"},"modified":"2025-09-19T21:21:03","modified_gmt":"2025-09-19T19:21:03","slug":"open-call-school-area-ssup-b-bacu-odevny-dizajn-zo-skoly-dizajnu","status":"publish","type":"post","link":"https:\/\/www.bratislavadesignweek.sk\/en\/open-call-school-area-ssup-b-bacu-odevny-dizajn-zo-skoly-dizajnu\/","title":{"rendered":"OPEN CALL\/SCHOOL AREA\/SCHOOL B. BA\u010cU: CLOTHING DESIGN FROM THE SCHOOL OF DESIGN"},"content":{"rendered":"<p>Department of Fashion and Textile Design, School of Design. Private School of Art Industry Bohumil Ba\u010da, Bratislava<\/p>\n\n\n\n<p><br>The contemporary clothing collections are based on the principle of environmental sustainability and ethical approach, with the ambition to reflect the current social events and our own subjective experience. Through the aesthetic, symbolic and functional transformation of upcycled textile and non-textile materials, the artists often create garments that become a medium of self-expression and a commentary on the contemporary world.<\/p>\n\n\n\n<figure class=\"wp-block-gallery has-nested-images columns-default is-cropped wp-block-gallery-1 is-layout-flex wp-block-gallery-is-layout-flex\"><\/figure>\n\n\n\n<figure class=\"wp-block-gallery has-nested-images columns-default is-cropped wp-block-gallery-2 is-layout-flex wp-block-gallery-is-layout-flex\">\n<figure class=\"wp-block-image size-large\"><a href=\"https:\/\/www.bratislavadesignweek.sk\/wp-content\/uploads\/2025\/09\/SUP-B-Bacu-1.png\"><img fetchpriority=\"high\" decoding=\"async\" width=\"1024\" height=\"577\" data-id=\"16146\" src=\"https:\/\/www.bratislavadesignweek.sk\/wp-content\/uploads\/2025\/09\/SUP-B-Bacu-1-1024x577.png\" alt=\"\" class=\"wp-image-16146\" srcset=\"https:\/\/www.bratislavadesignweek.sk\/wp-content\/uploads\/2025\/09\/SUP-B-Bacu-1-1024x577.png 1024w, https:\/\/www.bratislavadesignweek.sk\/wp-content\/uploads\/2025\/09\/SUP-B-Bacu-1-300x169.png 300w, https:\/\/www.bratislavadesignweek.sk\/wp-content\/uploads\/2025\/09\/SUP-B-Bacu-1-768x433.png 768w, https:\/\/www.bratislavadesignweek.sk\/wp-content\/uploads\/2025\/09\/SUP-B-Bacu-1-18x10.png 18w, https:\/\/www.bratislavadesignweek.sk\/wp-content\/uploads\/2025\/09\/SUP-B-Bacu-1.png 1280w\" sizes=\"(max-width: 1024px) 100vw, 1024px\" \/><\/a><\/figure>\n<\/figure>","protected":false},"excerpt":{"rendered":"<p>Odbor odevn\u00fd a textiln\u00fd dizajn, \u0160kola dizajnu. S\u00fakromn\u00e1 \u0161koly umeleck\u00e9ho priemyslu Bohumila Ba\u010du, Bratislava Kolekcie s\u00fa\u010dasn\u00fdch odevov s\u00fa zalo\u017een\u00e9 na princ\u00edpe environment\u00e1lnej udr\u017eate\u013enosti a etickom pr\u00edstupe, s amb\u00edciou reflektova\u0165 s\u00fa\u010dasn\u00e9 spolo\u010densk\u00e9 dianie a vlastn\u00e9 subjekt\u00edvne pre\u017e\u00edvanie. Autori a autorky vytv\u00e1raj\u00fa \u010dasto prostredn\u00edctvom estetickej, symbolickej a funk\u010dnej premeny upcyklovan\u00fdch textiln\u00fdch aj netextiln\u00fdch materi\u00e1lov odevy, ktor\u00e9 sa [&hellip;]<\/p>","protected":false},"author":2,"featured_media":16161,"comment_status":"closed","ping_status":"closed","sticky":false,"template":"","format":"standard","meta":{"footnotes":""},"categories":[900,908,786],"tags":[],"_links":{"self":[{"href":"https:\/\/www.bratislavadesignweek.sk\/en\/wp-json\/wp\/v2\/posts\/16142"}],"collection":[{"href":"https:\/\/www.bratislavadesignweek.sk\/en\/wp-json\/wp\/v2\/posts"}],"about":[{"href":"https:\/\/www.bratislavadesignweek.sk\/en\/wp-json\/wp\/v2\/types\/post"}],"author":[{"embeddable":true,"href":"https:\/\/www.bratislavadesignweek.sk\/en\/wp-json\/wp\/v2\/users\/2"}],"replies":[{"embeddable":true,"href":"https:\/\/www.bratislavadesignweek.sk\/en\/wp-json\/wp\/v2\/comments?post=16142"}],"version-history":[{"count":2,"href":"https:\/\/www.bratislavadesignweek.sk\/en\/wp-json\/wp\/v2\/posts\/16142\/revisions"}],"predecessor-version":[{"id":16164,"href":"https:\/\/www.bratislavadesignweek.sk\/en\/wp-json\/wp\/v2\/posts\/16142\/revisions\/16164"}],"wp:featuredmedia":[{"embeddable":true,"href":"https:\/\/www.bratislavadesignweek.sk\/en\/wp-json\/wp\/v2\/media\/16161"}],"wp:attachment":[{"href":"https:\/\/www.bratislavadesignweek.sk\/en\/wp-json\/wp\/v2\/media?parent=16142"}],"wp:term":[{"taxonomy":"category","embeddable":true,"href":"https:\/\/www.bratislavadesignweek.sk\/en\/wp-json\/wp\/v2\/categories?post=16142"},{"taxonomy":"post_tag","embeddable":true,"href":"https:\/\/www.bratislavadesignweek.sk\/en\/wp-json\/wp\/v2\/tags?post=16142"}],"curies":[{"name":"wp","href":"https:\/\/api.w.org\/{rel}","templated":true}]}}