{"id":16153,"date":"2025-09-14T10:15:07","date_gmt":"2025-09-14T08:15:07","guid":{"rendered":"https:\/\/www.bratislavadesignweek.sk\/?p=16153"},"modified":"2025-09-19T21:20:56","modified_gmt":"2025-09-19T19:20:56","slug":"open-call-school-area-sup-j-vydru-we-use-reuse-vtaky","status":"publish","type":"post","link":"https:\/\/www.bratislavadesignweek.sk\/en\/open-call-school-area-sup-j-vydru-we-use-reuse-vtaky\/","title":{"rendered":"OPEN CALL \/ SCHOOL AREA \/ \u0160UP J. VYDRU: WE USE REUSE &#038; VT\u00c1KY"},"content":{"rendered":"<p>Odbor textiln\u00fd dizajn, \u0160kola umeleck\u00e9ho priemyslu Josefa Vydru, Bratislava<\/p>\n\n\n\n<p><br>T\u00e9ma premeny je pr\u00edtomn\u00e1 v oboch odevn\u00fdch kolekci\u00e1ch \u0161tudentov a \u0161tudentiek odboru textiln\u00fd dizajn \u0160UP Josefa Vydru v Bratislave. Odev s\u00e1m o sebe pon\u00faka svojmu nosite\u013eovi mo\u017enos\u0165 premeny \u2013 meni\u0165 svoju identitu alebo ju zakry\u0165.<br><br>Premeni\u0165 sa m\u00f4\u017eeme napr\u00edklad prostredn\u00edctvom modelov z kolekcie Vt\u00e1ky, ktor\u00fa vytvorili \u0161tudentky Vikt\u00f3ria \u017deni\u0161ov\u00e1, Ester Horv\u00e1thov\u00e1, Maggie Adam Laky, Petronela Bitterovsk\u00e1 a Dorota \u0160intalov\u00e1. In\u0161pir\u00e1ciou pre n\u00e1vrhy vrchn\u00e9ho odevu bola stavba tela vt\u00e1ka. Pr\u00e1ca s \u010dierno-bielym materi\u00e1lom umo\u017enila vytvori\u0165 v\u00fdrazn\u00e9 strihov\u00e9 rie\u0161enia do priestoru \u2013 \u010dasti odevu vystupuj\u00fa zo siluety \u010dloveka. Materi\u00e1l, ktor\u00fd bol vyraden\u00fd z v\u00fdroby, n\u00e1m darovala firma NEHERA.<br><br>V kolekcii We Use Reuse \u0161tudenti a \u0161tudentky Kl\u00e1ra Ko\u010d\u00edkov\u00e1, Vikt\u00f3ria Kotianov\u00e1, Juliana Kratochv\u00edlov\u00e1, Lea Med\u0148ansk\u00e1, Katar\u00edna Mi\u010dunkov\u00e1, Vikt\u00f3ria Sofia Po\u017egayov\u00e1, Nina Reh\u00e1kov\u00e1, Nastasija Shapovalova, Csillag Vir\u00e1g Szenczi a Phoebe Maia Atkinson tematizovali udr\u017eate\u013enos\u0165 v m\u00f3de. Nov\u00e9 odevy vznikli zo second-hand k\u00faskov. Ka\u017ed\u00fd autor a autorka pon\u00faka vlastn\u00fd sp\u00f4sob, ako premeni\u0165 vyraden\u00fd odev na nov\u00fd \u2013 p\u00e1nske kusy sa menili na d\u00e1mske, zadn\u00e9 diely na predn\u00e9, biele odevy na farebn\u00e9. Premena prebiehala pomocou p\u00e1rania, vrstvenia, strojov\u00e9ho i ru\u010dn\u00e9ho \u0161itia, ma\u013eby na textil, potla\u010de, v\u00fd\u0161ivky \u010di autorsk\u00fdch techn\u00edk. Modely boli s\u00fa\u010das\u0165ou s\u00fa\u0165a\u017ee Loctite Fashion Challenge.<br><br><\/p>\n\n\n\n<figure class=\"wp-block-gallery has-nested-images columns-default is-cropped wp-block-gallery-1 is-layout-flex wp-block-gallery-is-layout-flex\">\n<figure class=\"wp-block-image size-large\"><a href=\"https:\/\/www.bratislavadesignweek.sk\/wp-content\/uploads\/2025\/09\/SUP-J-Vydru-2-1.png\"><img fetchpriority=\"high\" decoding=\"async\" width=\"728\" height=\"1024\" data-id=\"16154\" src=\"https:\/\/www.bratislavadesignweek.sk\/wp-content\/uploads\/2025\/09\/SUP-J-Vydru-2-1.png\" alt=\"\" class=\"wp-image-16154\" srcset=\"https:\/\/www.bratislavadesignweek.sk\/wp-content\/uploads\/2025\/09\/SUP-J-Vydru-2-1.png 728w, https:\/\/www.bratislavadesignweek.sk\/wp-content\/uploads\/2025\/09\/SUP-J-Vydru-2-1-213x300.png 213w, https:\/\/www.bratislavadesignweek.sk\/wp-content\/uploads\/2025\/09\/SUP-J-Vydru-2-1-9x12.png 9w\" sizes=\"(max-width: 728px) 100vw, 728px\" \/><\/a><\/figure>\n\n\n\n<figure class=\"wp-block-image size-large\"><a href=\"https:\/\/www.bratislavadesignweek.sk\/wp-content\/uploads\/2025\/09\/SUP-J-Vydru-1.png\"><img decoding=\"async\" width=\"735\" height=\"1024\" data-id=\"16155\" src=\"https:\/\/www.bratislavadesignweek.sk\/wp-content\/uploads\/2025\/09\/SUP-J-Vydru-1-735x1024.png\" alt=\"\" class=\"wp-image-16155\" srcset=\"https:\/\/www.bratislavadesignweek.sk\/wp-content\/uploads\/2025\/09\/SUP-J-Vydru-1-735x1024.png 735w, https:\/\/www.bratislavadesignweek.sk\/wp-content\/uploads\/2025\/09\/SUP-J-Vydru-1-215x300.png 215w, https:\/\/www.bratislavadesignweek.sk\/wp-content\/uploads\/2025\/09\/SUP-J-Vydru-1-768x1070.png 768w, https:\/\/www.bratislavadesignweek.sk\/wp-content\/uploads\/2025\/09\/SUP-J-Vydru-1-9x12.png 9w, https:\/\/www.bratislavadesignweek.sk\/wp-content\/uploads\/2025\/09\/SUP-J-Vydru-1.png 780w\" sizes=\"(max-width: 735px) 100vw, 735px\" \/><\/a><\/figure>\n<\/figure>","protected":false},"excerpt":{"rendered":"<p>Odbor textiln\u00fd dizajn, \u0160kola umeleck\u00e9ho priemyslu Josefa Vydru, Bratislava T\u00e9ma premeny je pr\u00edtomn\u00e1 v oboch odevn\u00fdch kolekci\u00e1ch \u0161tudentov a \u0161tudentiek odboru textiln\u00fd dizajn \u0160UP Josefa Vydru v Bratislave. Odev s\u00e1m o sebe pon\u00faka svojmu nosite\u013eovi mo\u017enos\u0165 premeny \u2013 meni\u0165 svoju identitu alebo ju zakry\u0165. Premeni\u0165 sa m\u00f4\u017eeme napr\u00edklad prostredn\u00edctvom modelov z kolekcie Vt\u00e1ky, ktor\u00fa vytvorili [&hellip;]<\/p>","protected":false},"author":2,"featured_media":16147,"comment_status":"closed","ping_status":"closed","sticky":false,"template":"","format":"standard","meta":{"footnotes":""},"categories":[900,908,786],"tags":[],"_links":{"self":[{"href":"https:\/\/www.bratislavadesignweek.sk\/en\/wp-json\/wp\/v2\/posts\/16153"}],"collection":[{"href":"https:\/\/www.bratislavadesignweek.sk\/en\/wp-json\/wp\/v2\/posts"}],"about":[{"href":"https:\/\/www.bratislavadesignweek.sk\/en\/wp-json\/wp\/v2\/types\/post"}],"author":[{"embeddable":true,"href":"https:\/\/www.bratislavadesignweek.sk\/en\/wp-json\/wp\/v2\/users\/2"}],"replies":[{"embeddable":true,"href":"https:\/\/www.bratislavadesignweek.sk\/en\/wp-json\/wp\/v2\/comments?post=16153"}],"version-history":[{"count":1,"href":"https:\/\/www.bratislavadesignweek.sk\/en\/wp-json\/wp\/v2\/posts\/16153\/revisions"}],"predecessor-version":[{"id":16158,"href":"https:\/\/www.bratislavadesignweek.sk\/en\/wp-json\/wp\/v2\/posts\/16153\/revisions\/16158"}],"wp:featuredmedia":[{"embeddable":true,"href":"https:\/\/www.bratislavadesignweek.sk\/en\/wp-json\/wp\/v2\/media\/16147"}],"wp:attachment":[{"href":"https:\/\/www.bratislavadesignweek.sk\/en\/wp-json\/wp\/v2\/media?parent=16153"}],"wp:term":[{"taxonomy":"category","embeddable":true,"href":"https:\/\/www.bratislavadesignweek.sk\/en\/wp-json\/wp\/v2\/categories?post=16153"},{"taxonomy":"post_tag","embeddable":true,"href":"https:\/\/www.bratislavadesignweek.sk\/en\/wp-json\/wp\/v2\/tags?post=16153"}],"curies":[{"name":"wp","href":"https:\/\/api.w.org\/{rel}","templated":true}]}}