{"id":16167,"date":"2025-09-14T10:23:46","date_gmt":"2025-09-14T08:23:46","guid":{"rendered":"https:\/\/www.bratislavadesignweek.sk\/?p=16167"},"modified":"2025-09-19T21:20:45","modified_gmt":"2025-09-19T19:20:45","slug":"open-call-school-area-tereza-orviska-na-love","status":"publish","type":"post","link":"https:\/\/www.bratislavadesignweek.sk\/en\/open-call-school-area-tereza-orviska-na-love\/","title":{"rendered":"OPEN CALL\/ SCHOOL AREA \/ TEREZA ORVISK\u00c1: NA LOVE"},"content":{"rendered":"<p>Ateli\u00e9r keramiky, V\u0160VU Bratislava<\/p>\n\n\n\n<p><br>Hlavnou t\u00e9mou pr\u00e1ce je krajina, v ktorej \u017eijeme \u2013 ako priestor fyzick\u00fd, ale aj spolo\u010densk\u00fd, medzi\u013eudsk\u00fd a ment\u00e1lny. Pozorujem ju a zaznamen\u00e1vam cez situ\u00e1cie, detaily a interakcie, ktor\u00e9 \u201elov\u00edm\u201c na svojich cest\u00e1ch. Lov je tu metaforou vn\u00edmav\u00e9ho pohybu, akt\u00edvneho pozorovania a zbierania mikropr\u00edbehov. Postavy zajacov, ktor\u00e9 sa objavuj\u00fa v celej s\u00e9rii, s\u00fa n\u00e1strojom personifik\u00e1cie \u2013 alter egom, ktor\u00e9 o za\u017eit\u00fdch situ\u00e1ci\u00e1ch rozpr\u00e1va s odstupom a nadh\u013eadom. Objekty osciluj\u00fa medzi funk\u010dnos\u0165ou a vo\u013en\u00fdm v\u00fdtvarn\u00fdm gestom, kombinuj\u00fa r\u00f4zne techniky a materi\u00e1ly a nes\u00fa v sebe vrstvy v\u00fdznamu \u2013 s\u00fa z\u00e1rove\u0148 obrazom, sochou, ilustr\u00e1ciou aj funk\u010dn\u00fdm predmetom.<\/p>\n\n\n\n<figure class=\"wp-block-gallery has-nested-images columns-default is-cropped wp-block-gallery-1 is-layout-flex wp-block-gallery-is-layout-flex\">\n<figure class=\"wp-block-image size-large\"><a href=\"https:\/\/www.bratislavadesignweek.sk\/wp-content\/uploads\/2025\/09\/terezia-orviska.jpeg\"><img fetchpriority=\"high\" decoding=\"async\" width=\"768\" height=\"1024\" data-id=\"16169\" src=\"https:\/\/www.bratislavadesignweek.sk\/wp-content\/uploads\/2025\/09\/terezia-orviska-768x1024.jpeg\" alt=\"\" class=\"wp-image-16169\" srcset=\"https:\/\/www.bratislavadesignweek.sk\/wp-content\/uploads\/2025\/09\/terezia-orviska-768x1024.jpeg 768w, https:\/\/www.bratislavadesignweek.sk\/wp-content\/uploads\/2025\/09\/terezia-orviska-225x300.jpeg 225w, https:\/\/www.bratislavadesignweek.sk\/wp-content\/uploads\/2025\/09\/terezia-orviska-1152x1536.jpeg 1152w, https:\/\/www.bratislavadesignweek.sk\/wp-content\/uploads\/2025\/09\/terezia-orviska-9x12.jpeg 9w, https:\/\/www.bratislavadesignweek.sk\/wp-content\/uploads\/2025\/09\/terezia-orviska.jpeg 1440w\" sizes=\"(max-width: 768px) 100vw, 768px\" \/><\/a><\/figure>\n\n\n\n<figure class=\"wp-block-image size-large\"><a href=\"https:\/\/www.bratislavadesignweek.sk\/wp-content\/uploads\/2025\/09\/terezia-orviska.jpg\"><img decoding=\"async\" width=\"671\" height=\"1024\" data-id=\"16168\" src=\"https:\/\/www.bratislavadesignweek.sk\/wp-content\/uploads\/2025\/09\/terezia-orviska-671x1024.jpg\" alt=\"\" class=\"wp-image-16168\" srcset=\"https:\/\/www.bratislavadesignweek.sk\/wp-content\/uploads\/2025\/09\/terezia-orviska-671x1024.jpg 671w, https:\/\/www.bratislavadesignweek.sk\/wp-content\/uploads\/2025\/09\/terezia-orviska-197x300.jpg 197w, https:\/\/www.bratislavadesignweek.sk\/wp-content\/uploads\/2025\/09\/terezia-orviska-768x1172.jpg 768w, https:\/\/www.bratislavadesignweek.sk\/wp-content\/uploads\/2025\/09\/terezia-orviska-8x12.jpg 8w, https:\/\/www.bratislavadesignweek.sk\/wp-content\/uploads\/2025\/09\/terezia-orviska.jpg 900w\" sizes=\"(max-width: 671px) 100vw, 671px\" \/><\/a><\/figure>\n<\/figure>","protected":false},"excerpt":{"rendered":"<p>Ateli\u00e9r keramiky, V\u0160VU Bratislava Hlavnou t\u00e9mou pr\u00e1ce je krajina, v ktorej \u017eijeme \u2013 ako priestor fyzick\u00fd, ale aj spolo\u010densk\u00fd, medzi\u013eudsk\u00fd a ment\u00e1lny. Pozorujem ju a zaznamen\u00e1vam cez situ\u00e1cie, detaily a interakcie, ktor\u00e9 \u201elov\u00edm\u201c na svojich cest\u00e1ch. Lov je tu metaforou vn\u00edmav\u00e9ho pohybu, akt\u00edvneho pozorovania a zbierania mikropr\u00edbehov. Postavy zajacov, ktor\u00e9 sa objavuj\u00fa v celej s\u00e9rii, [&hellip;]<\/p>","protected":false},"author":2,"featured_media":16170,"comment_status":"closed","ping_status":"closed","sticky":false,"template":"","format":"standard","meta":{"footnotes":""},"categories":[900,908,786],"tags":[],"_links":{"self":[{"href":"https:\/\/www.bratislavadesignweek.sk\/en\/wp-json\/wp\/v2\/posts\/16167"}],"collection":[{"href":"https:\/\/www.bratislavadesignweek.sk\/en\/wp-json\/wp\/v2\/posts"}],"about":[{"href":"https:\/\/www.bratislavadesignweek.sk\/en\/wp-json\/wp\/v2\/types\/post"}],"author":[{"embeddable":true,"href":"https:\/\/www.bratislavadesignweek.sk\/en\/wp-json\/wp\/v2\/users\/2"}],"replies":[{"embeddable":true,"href":"https:\/\/www.bratislavadesignweek.sk\/en\/wp-json\/wp\/v2\/comments?post=16167"}],"version-history":[{"count":1,"href":"https:\/\/www.bratislavadesignweek.sk\/en\/wp-json\/wp\/v2\/posts\/16167\/revisions"}],"predecessor-version":[{"id":16173,"href":"https:\/\/www.bratislavadesignweek.sk\/en\/wp-json\/wp\/v2\/posts\/16167\/revisions\/16173"}],"wp:featuredmedia":[{"embeddable":true,"href":"https:\/\/www.bratislavadesignweek.sk\/en\/wp-json\/wp\/v2\/media\/16170"}],"wp:attachment":[{"href":"https:\/\/www.bratislavadesignweek.sk\/en\/wp-json\/wp\/v2\/media?parent=16167"}],"wp:term":[{"taxonomy":"category","embeddable":true,"href":"https:\/\/www.bratislavadesignweek.sk\/en\/wp-json\/wp\/v2\/categories?post=16167"},{"taxonomy":"post_tag","embeddable":true,"href":"https:\/\/www.bratislavadesignweek.sk\/en\/wp-json\/wp\/v2\/tags?post=16167"}],"curies":[{"name":"wp","href":"https:\/\/api.w.org\/{rel}","templated":true}]}}