{"id":16176,"date":"2025-09-14T10:26:35","date_gmt":"2025-09-14T08:26:35","guid":{"rendered":"https:\/\/www.bratislavadesignweek.sk\/?p=16176"},"modified":"2025-09-19T21:20:36","modified_gmt":"2025-09-19T19:20:36","slug":"open-call-school-area-vira-fesenko-podkolenna-proteza-nohy","status":"publish","type":"post","link":"https:\/\/www.bratislavadesignweek.sk\/en\/open-call-school-area-vira-fesenko-podkolenna-proteza-nohy\/","title":{"rendered":"OPEN CALL \/ SCHOOL AREA \/ VIRA FESENKO: PODKOLENN\u00c1 PROT\u00c9ZA NOHY"},"content":{"rendered":"<p>Ateli\u00e9r industrial dizajn, V\u0160VU Bratislava<\/p>\n\n\n\n<p><br>Bakal\u00e1rsk\u00e1 pr\u00e1ca sa zameriava na n\u00e1vrh a vylep\u0161enie prot\u00e9zy dolnej kon\u010datiny s d\u00f4razom na funk\u010dnos\u0165, pohodlie a dizajn. Protetika predstavuje v\u00fdznamn\u00fa t\u00e9mu v modernom svete, kde technologick\u00e9 inov\u00e1cie umo\u017e\u0148uj\u00fa zlep\u0161ova\u0165 kvalitu \u017eivota \u013eud\u00ed bez kon\u010dat\u00edn. Hlavn\u00fdm cie\u013eom pr\u00e1ce bolo pokra\u010dovat vo vyvoji technickych detailov prisp\u00f4sobit dizajn malos\u00e9riovej v\u00fdrobe a vytvorit prvy funk\u010dny vzorok ur\u010deny na testovanie. V \u00favode pr\u00e1ce bola vykonan\u00e1 liter\u00e1rna re\u0161er\u0161 so zameran\u00edm na nov\u00e9 technol\u00f3gie v protetike, pri\u010dom osobitn\u00e1 pozornos\u0165 bola venovan\u00e1 3D tla\u010di. T\u00e1to technol\u00f3gia umo\u017e\u0148uje presn\u00fa, r\u00fdchlu a n\u00e1kladovo efekt\u00edvnu v\u00fdrobu prot\u00e9z, ktor\u00e9 s\u00fa z\u00e1rove\u0148 esteticky prisp\u00f4sobite\u013en\u00e9 individu\u00e1lnym potreb\u00e1m pou\u017e\u00edvate\u013eov. Dizajn sa tak st\u00e1va neoddelite\u013enou s\u00fa\u010das\u0165ou funk\u010dnej protetiky. <\/p>\n\n\n\n<p>Po\u010das v\u00fdvoja modelu som sa venovala testovaniu r\u00f4znych typov \u00fachytov, \u0161tudovala som sp\u00e4tn\u00fa v\u00e4zbu od pou\u017e\u00edvate\u013eov a realizovala som merania pre lep\u0161iu ergon\u00f3miu. Konzult\u00e1cie s re\u00e1lnymi pou\u017e\u00edvate\u013emi mi pomohli pochopi\u0165 ich potreby a probl\u00e9my, \u010do v\u00fdrazne ovplyvnilo fin\u00e1lny dizajn m\u00f4jho produktu. V\u00fdsledkom je praktick\u00e1 a \u013eahko pou\u017eite\u013en\u00e1 prot\u00e9za nohy, vhodn\u00e1 na s\u00e9riov\u00fa v\u00fdrobu. Okrem technick\u00fdch aspektov som sa zamerala aj na estetick\u00fd v\u00fdraz, \u010d\u00edm som podporila my\u0161lienku, \u017ee zdravotn\u00edcke pom\u00f4cky m\u00f4\u017eu by\u0165 funk\u010dn\u00e9 aj vizu\u00e1lne pr\u00ed\u0165a\u017eliv\u00e9. Pr\u00e1ca predstavuje spojenie technol\u00f3gie, dizajnu a empatie s cie\u013eom zlep\u0161i\u0165 ka\u017edodenn\u00fd \u017eivot pou\u017e\u00edvate\u013eov prot\u00e9z.<\/p>\n\n\n\n<figure class=\"wp-block-gallery has-nested-images columns-default is-cropped wp-block-gallery-1 is-layout-flex wp-block-gallery-is-layout-flex\">\n<figure class=\"wp-block-image size-large\"><a href=\"https:\/\/www.bratislavadesignweek.sk\/wp-content\/uploads\/2025\/09\/vira-fesenko.jpg\"><img fetchpriority=\"high\" decoding=\"async\" width=\"683\" height=\"1024\" data-id=\"16177\" src=\"https:\/\/www.bratislavadesignweek.sk\/wp-content\/uploads\/2025\/09\/vira-fesenko-683x1024.jpg\" alt=\"\" class=\"wp-image-16177\" srcset=\"https:\/\/www.bratislavadesignweek.sk\/wp-content\/uploads\/2025\/09\/vira-fesenko-683x1024.jpg 683w, https:\/\/www.bratislavadesignweek.sk\/wp-content\/uploads\/2025\/09\/vira-fesenko-200x300.jpg 200w, https:\/\/www.bratislavadesignweek.sk\/wp-content\/uploads\/2025\/09\/vira-fesenko-768x1152.jpg 768w, https:\/\/www.bratislavadesignweek.sk\/wp-content\/uploads\/2025\/09\/vira-fesenko-1024x1536.jpg 1024w, https:\/\/www.bratislavadesignweek.sk\/wp-content\/uploads\/2025\/09\/vira-fesenko-1366x2048.jpg 1366w, https:\/\/www.bratislavadesignweek.sk\/wp-content\/uploads\/2025\/09\/vira-fesenko-8x12.jpg 8w, https:\/\/www.bratislavadesignweek.sk\/wp-content\/uploads\/2025\/09\/vira-fesenko.jpg 1707w\" sizes=\"(max-width: 683px) 100vw, 683px\" \/><\/a><\/figure>\n<\/figure>","protected":false},"excerpt":{"rendered":"<p>Ateli\u00e9r industrial dizajn, V\u0160VU Bratislava Bakal\u00e1rsk\u00e1 pr\u00e1ca sa zameriava na n\u00e1vrh a vylep\u0161enie prot\u00e9zy dolnej kon\u010datiny s d\u00f4razom na funk\u010dnos\u0165, pohodlie a dizajn. Protetika predstavuje v\u00fdznamn\u00fa t\u00e9mu v modernom svete, kde technologick\u00e9 inov\u00e1cie umo\u017e\u0148uj\u00fa zlep\u0161ova\u0165 kvalitu \u017eivota \u013eud\u00ed bez kon\u010dat\u00edn. Hlavn\u00fdm cie\u013eom pr\u00e1ce bolo pokra\u010dovat vo vyvoji technickych detailov prisp\u00f4sobit dizajn malos\u00e9riovej v\u00fdrobe a vytvorit [&hellip;]<\/p>","protected":false},"author":2,"featured_media":16178,"comment_status":"closed","ping_status":"closed","sticky":false,"template":"","format":"standard","meta":{"footnotes":""},"categories":[900,908,786],"tags":[],"_links":{"self":[{"href":"https:\/\/www.bratislavadesignweek.sk\/en\/wp-json\/wp\/v2\/posts\/16176"}],"collection":[{"href":"https:\/\/www.bratislavadesignweek.sk\/en\/wp-json\/wp\/v2\/posts"}],"about":[{"href":"https:\/\/www.bratislavadesignweek.sk\/en\/wp-json\/wp\/v2\/types\/post"}],"author":[{"embeddable":true,"href":"https:\/\/www.bratislavadesignweek.sk\/en\/wp-json\/wp\/v2\/users\/2"}],"replies":[{"embeddable":true,"href":"https:\/\/www.bratislavadesignweek.sk\/en\/wp-json\/wp\/v2\/comments?post=16176"}],"version-history":[{"count":1,"href":"https:\/\/www.bratislavadesignweek.sk\/en\/wp-json\/wp\/v2\/posts\/16176\/revisions"}],"predecessor-version":[{"id":16181,"href":"https:\/\/www.bratislavadesignweek.sk\/en\/wp-json\/wp\/v2\/posts\/16176\/revisions\/16181"}],"wp:featuredmedia":[{"embeddable":true,"href":"https:\/\/www.bratislavadesignweek.sk\/en\/wp-json\/wp\/v2\/media\/16178"}],"wp:attachment":[{"href":"https:\/\/www.bratislavadesignweek.sk\/en\/wp-json\/wp\/v2\/media?parent=16176"}],"wp:term":[{"taxonomy":"category","embeddable":true,"href":"https:\/\/www.bratislavadesignweek.sk\/en\/wp-json\/wp\/v2\/categories?post=16176"},{"taxonomy":"post_tag","embeddable":true,"href":"https:\/\/www.bratislavadesignweek.sk\/en\/wp-json\/wp\/v2\/tags?post=16176"}],"curies":[{"name":"wp","href":"https:\/\/api.w.org\/{rel}","templated":true}]}}