{"id":16230,"date":"2025-09-17T08:51:15","date_gmt":"2025-09-17T06:51:15","guid":{"rendered":"https:\/\/www.bratislavadesignweek.sk\/?p=16230"},"modified":"2025-09-19T21:20:18","modified_gmt":"2025-09-19T19:20:18","slug":"open-call-school-area-dorota-krkoskova-pop-up-stand","status":"publish","type":"post","link":"https:\/\/www.bratislavadesignweek.sk\/en\/open-call-school-area-dorota-krkoskova-pop-up-stand\/","title":{"rendered":"OPEN CALL\/ SCHOOL AREA \/ DOROTA KRKO\u0160KOV\u00c1: POP-UP STAND"},"content":{"rendered":"<p>Ateli\u00e9r produktov\u00e9ho dizajnu, FMK UTB Zl\u00edn<br><br>Jadrom tohto projektu je premena priestoru. Pop-up syst\u00e9m pre Faces Skateboards je navrhnut\u00fd ako prenosn\u00e9 a flexibiln\u00e9 z\u00e1zemie zna\u010dky, ktor\u00e9 sa dok\u00e1\u017ee prisp\u00f4sobi\u0165 priestoru a situ\u00e1cii. Ide o modul\u00e1rnu kon\u0161trukciu, ktor\u00e1 sa d\u00e1 variabilne meni\u0165 \u2013 pod\u013ea ve\u013ekosti eventu, sortimentu alebo atmosf\u00e9ry miesta.<\/p>\n\n\n\n<p><br>Umo\u017e\u0148uje kombinova\u0165 ve\u0161iakov\u00e9 aj policov\u00e9 rie\u0161enia. Estetika je z\u00e1merne surov\u00e1, \u010derp\u00e1 z kult\u00fary skateboardingu a materi\u00e1lovo kore\u0161ponduje s priestorom skateparku. Pop-up syst\u00e9m je mo\u017en\u00e9 ch\u00e1pa\u0165 ako vizu\u00e1lny aj ideov\u00fd kontrapunkt ku klasick\u00fdm v\u00fdstavn\u00fdm syst\u00e9mom.<\/p>\n\n\n\n<p><\/p>\n\n\n\n<figure class=\"wp-block-gallery has-nested-images columns-default is-cropped wp-block-gallery-1 is-layout-flex wp-block-gallery-is-layout-flex\">\n<figure class=\"wp-block-image size-large\"><a href=\"https:\/\/www.bratislavadesignweek.sk\/wp-content\/uploads\/2025\/09\/dorota-krkoskova-2.jpg\"><img fetchpriority=\"high\" decoding=\"async\" width=\"684\" height=\"1024\" data-id=\"16232\" src=\"https:\/\/www.bratislavadesignweek.sk\/wp-content\/uploads\/2025\/09\/dorota-krkoskova-2-684x1024.jpg\" alt=\"\" class=\"wp-image-16232\" srcset=\"https:\/\/www.bratislavadesignweek.sk\/wp-content\/uploads\/2025\/09\/dorota-krkoskova-2-684x1024.jpg 684w, https:\/\/www.bratislavadesignweek.sk\/wp-content\/uploads\/2025\/09\/dorota-krkoskova-2-200x300.jpg 200w, https:\/\/www.bratislavadesignweek.sk\/wp-content\/uploads\/2025\/09\/dorota-krkoskova-2-768x1150.jpg 768w, https:\/\/www.bratislavadesignweek.sk\/wp-content\/uploads\/2025\/09\/dorota-krkoskova-2-1026x1536.jpg 1026w, https:\/\/www.bratislavadesignweek.sk\/wp-content\/uploads\/2025\/09\/dorota-krkoskova-2-1368x2048.jpg 1368w, https:\/\/www.bratislavadesignweek.sk\/wp-content\/uploads\/2025\/09\/dorota-krkoskova-2-8x12.jpg 8w, https:\/\/www.bratislavadesignweek.sk\/wp-content\/uploads\/2025\/09\/dorota-krkoskova-2.jpg 1710w\" sizes=\"(max-width: 684px) 100vw, 684px\" \/><\/a><\/figure>\n<\/figure>","protected":false},"excerpt":{"rendered":"<p>Ateli\u00e9r produktov\u00e9ho dizajnu, FMK UTB Zl\u00edn Jadrom tohto projektu je premena priestoru. Pop-up syst\u00e9m pre Faces Skateboards je navrhnut\u00fd ako prenosn\u00e9 a flexibiln\u00e9 z\u00e1zemie zna\u010dky, ktor\u00e9 sa dok\u00e1\u017ee prisp\u00f4sobi\u0165 priestoru a situ\u00e1cii. Ide o modul\u00e1rnu kon\u0161trukciu, ktor\u00e1 sa d\u00e1 variabilne meni\u0165 \u2013 pod\u013ea ve\u013ekosti eventu, sortimentu alebo atmosf\u00e9ry miesta. Umo\u017e\u0148uje kombinova\u0165 ve\u0161iakov\u00e9 aj policov\u00e9 rie\u0161enia. [&hellip;]<\/p>","protected":false},"author":2,"featured_media":16240,"comment_status":"closed","ping_status":"closed","sticky":false,"template":"","format":"standard","meta":{"footnotes":""},"categories":[900,908,786],"tags":[],"_links":{"self":[{"href":"https:\/\/www.bratislavadesignweek.sk\/en\/wp-json\/wp\/v2\/posts\/16230"}],"collection":[{"href":"https:\/\/www.bratislavadesignweek.sk\/en\/wp-json\/wp\/v2\/posts"}],"about":[{"href":"https:\/\/www.bratislavadesignweek.sk\/en\/wp-json\/wp\/v2\/types\/post"}],"author":[{"embeddable":true,"href":"https:\/\/www.bratislavadesignweek.sk\/en\/wp-json\/wp\/v2\/users\/2"}],"replies":[{"embeddable":true,"href":"https:\/\/www.bratislavadesignweek.sk\/en\/wp-json\/wp\/v2\/comments?post=16230"}],"version-history":[{"count":2,"href":"https:\/\/www.bratislavadesignweek.sk\/en\/wp-json\/wp\/v2\/posts\/16230\/revisions"}],"predecessor-version":[{"id":16243,"href":"https:\/\/www.bratislavadesignweek.sk\/en\/wp-json\/wp\/v2\/posts\/16230\/revisions\/16243"}],"wp:featuredmedia":[{"embeddable":true,"href":"https:\/\/www.bratislavadesignweek.sk\/en\/wp-json\/wp\/v2\/media\/16240"}],"wp:attachment":[{"href":"https:\/\/www.bratislavadesignweek.sk\/en\/wp-json\/wp\/v2\/media?parent=16230"}],"wp:term":[{"taxonomy":"category","embeddable":true,"href":"https:\/\/www.bratislavadesignweek.sk\/en\/wp-json\/wp\/v2\/categories?post=16230"},{"taxonomy":"post_tag","embeddable":true,"href":"https:\/\/www.bratislavadesignweek.sk\/en\/wp-json\/wp\/v2\/tags?post=16230"}],"curies":[{"name":"wp","href":"https:\/\/api.w.org\/{rel}","templated":true}]}}