{"id":16246,"date":"2025-09-17T08:53:29","date_gmt":"2025-09-17T06:53:29","guid":{"rendered":"https:\/\/www.bratislavadesignweek.sk\/?p=16246"},"modified":"2025-09-19T21:20:09","modified_gmt":"2025-09-19T19:20:09","slug":"open-call-school-area-dorota-krkoskova-malai-biocomposite-explora","status":"publish","type":"post","link":"https:\/\/www.bratislavadesignweek.sk\/en\/open-call-school-area-dorota-krkoskova-malai-biocomposite-explora\/","title":{"rendered":"OPEN CALL \/ SCHOOL AREA \/ DOROTA KRKO\u0160KOV\u00c1: MALAI BIOCOMPOSITE EXPLORA"},"content":{"rendered":"<p>Ateli\u00e9r Bal\u00e1\u017e FAD STU, Bratislava<\/p>\n\n\n\n<p><br>Produkt Explora bol navrhnut\u00fd s cie\u013eom prispie\u0165 k rozvoju jemnej motoriky a kreat\u00edvneho myslenia u det\u00ed v pred\u0161kolskom veku. Precvi\u010duj\u00fa si skladanie, zap\u00ednanie a manipul\u00e1ciu s r\u00f4znymi mechanizmami ako s\u00fa cvoky, gomb\u00edky, gumy a zipsy. Na rozdiel od be\u017en\u00fdch aktiv\u00edt, kde zap\u00ednanie \u010di rozop\u00ednanie sl\u00fa\u017ei len ako forma cvi\u010denia, Explora prin\u00e1\u0161a funk\u010dn\u00fd a re\u00e1lny v\u00fdsledok, ktor\u00fd m\u00f4\u017ee die\u0165a s hrdos\u0165ou pou\u017e\u00edva\u0165. Je to n\u00e1stroj na u\u010denie, rozvoj a z\u00e1bavu, ktor\u00fd v sebe sp\u00e1ja kreat\u00edvne a praktick\u00e9 aspekty.<br>Produkt je vyr\u00e1ban\u00fd z biokompozitn\u00e9ho a zdravotne nez\u00e1vadn\u00e9ho materi\u00e1lu Malai. Vlastnos\u0165ami je podobn\u00fd ko\u017ei, odoln\u00fd, pru\u017en\u00fd a hydroskopick\u00fd. Materi\u00e1l sa z\u00edskava z<\/p>\n\n\n\n<p>bakteri\u00e1lnej celul\u00f3zy, pestovanej na po\u013enohospod\u00e1rskom odpade z kokosov\u00e9ho priemyslu.<\/p>\n\n\n\n<figure class=\"wp-block-gallery has-nested-images columns-default is-cropped wp-block-gallery-1 is-layout-flex wp-block-gallery-is-layout-flex\">\n<figure class=\"wp-block-image size-large\"><a href=\"https:\/\/www.bratislavadesignweek.sk\/wp-content\/uploads\/2025\/09\/dorota-krkoskova-1.jpg\"><img fetchpriority=\"high\" decoding=\"async\" width=\"1024\" height=\"682\" data-id=\"16247\" src=\"https:\/\/www.bratislavadesignweek.sk\/wp-content\/uploads\/2025\/09\/dorota-krkoskova-1-1024x682.jpg\" alt=\"\" class=\"wp-image-16247\" srcset=\"https:\/\/www.bratislavadesignweek.sk\/wp-content\/uploads\/2025\/09\/dorota-krkoskova-1-1024x682.jpg 1024w, https:\/\/www.bratislavadesignweek.sk\/wp-content\/uploads\/2025\/09\/dorota-krkoskova-1-300x200.jpg 300w, https:\/\/www.bratislavadesignweek.sk\/wp-content\/uploads\/2025\/09\/dorota-krkoskova-1-768x512.jpg 768w, https:\/\/www.bratislavadesignweek.sk\/wp-content\/uploads\/2025\/09\/dorota-krkoskova-1-1536x1024.jpg 1536w, https:\/\/www.bratislavadesignweek.sk\/wp-content\/uploads\/2025\/09\/dorota-krkoskova-1-2048x1365.jpg 2048w, https:\/\/www.bratislavadesignweek.sk\/wp-content\/uploads\/2025\/09\/dorota-krkoskova-1-18x12.jpg 18w\" sizes=\"(max-width: 1024px) 100vw, 1024px\" \/><\/a><\/figure>\n<\/figure>","protected":false},"excerpt":{"rendered":"<p>Ateli\u00e9r Bal\u00e1\u017e FAD STU, Bratislava Produkt Explora bol navrhnut\u00fd s cie\u013eom prispie\u0165 k rozvoju jemnej motoriky a kreat\u00edvneho myslenia u det\u00ed v pred\u0161kolskom veku. Precvi\u010duj\u00fa si skladanie, zap\u00ednanie a manipul\u00e1ciu s r\u00f4znymi mechanizmami ako s\u00fa cvoky, gomb\u00edky, gumy a zipsy. Na rozdiel od be\u017en\u00fdch aktiv\u00edt, kde zap\u00ednanie \u010di rozop\u00ednanie sl\u00fa\u017ei len ako forma cvi\u010denia, Explora [&hellip;]<\/p>","protected":false},"author":2,"featured_media":16233,"comment_status":"closed","ping_status":"closed","sticky":false,"template":"","format":"standard","meta":{"footnotes":""},"categories":[900,908,786],"tags":[],"_links":{"self":[{"href":"https:\/\/www.bratislavadesignweek.sk\/en\/wp-json\/wp\/v2\/posts\/16246"}],"collection":[{"href":"https:\/\/www.bratislavadesignweek.sk\/en\/wp-json\/wp\/v2\/posts"}],"about":[{"href":"https:\/\/www.bratislavadesignweek.sk\/en\/wp-json\/wp\/v2\/types\/post"}],"author":[{"embeddable":true,"href":"https:\/\/www.bratislavadesignweek.sk\/en\/wp-json\/wp\/v2\/users\/2"}],"replies":[{"embeddable":true,"href":"https:\/\/www.bratislavadesignweek.sk\/en\/wp-json\/wp\/v2\/comments?post=16246"}],"version-history":[{"count":1,"href":"https:\/\/www.bratislavadesignweek.sk\/en\/wp-json\/wp\/v2\/posts\/16246\/revisions"}],"predecessor-version":[{"id":16250,"href":"https:\/\/www.bratislavadesignweek.sk\/en\/wp-json\/wp\/v2\/posts\/16246\/revisions\/16250"}],"wp:featuredmedia":[{"embeddable":true,"href":"https:\/\/www.bratislavadesignweek.sk\/en\/wp-json\/wp\/v2\/media\/16233"}],"wp:attachment":[{"href":"https:\/\/www.bratislavadesignweek.sk\/en\/wp-json\/wp\/v2\/media?parent=16246"}],"wp:term":[{"taxonomy":"category","embeddable":true,"href":"https:\/\/www.bratislavadesignweek.sk\/en\/wp-json\/wp\/v2\/categories?post=16246"},{"taxonomy":"post_tag","embeddable":true,"href":"https:\/\/www.bratislavadesignweek.sk\/en\/wp-json\/wp\/v2\/tags?post=16246"}],"curies":[{"name":"wp","href":"https:\/\/api.w.org\/{rel}","templated":true}]}}