{"id":16261,"date":"2025-09-17T08:56:22","date_gmt":"2025-09-17T06:56:22","guid":{"rendered":"https:\/\/www.bratislavadesignweek.sk\/?p=16261"},"modified":"2025-09-19T21:19:53","modified_gmt":"2025-09-19T19:19:53","slug":"open-call-parallel-area-jessika-radicsova-interstitia","status":"publish","type":"post","link":"https:\/\/www.bratislavadesignweek.sk\/en\/open-call-parallel-area-jessika-radicsova-interstitia\/","title":{"rendered":"OPEN CALL \/ PARALLEL AREA \/ JESSIKA RADICSOV\u00c1: INTERSTITIA"},"content":{"rendered":"<p>Interstitia je priestorom medzi \u2013 medzi p\u00f4vodom a z\u00e1nikom, medzi kolapsom a mo\u017enos\u0165ou prijatia. Dielo sk\u00fama stav, ke\u010f sa v\u0161etko rozpad\u00e1, no namiesto snahy o opravu \u010di n\u00e1vrat sa objavuje moment ticha, otvorenosti a akcept\u00e1cie nevyhnutn\u00e9ho.<br><br>Tento medzipriestor, pln\u00fd neistoty, zdanliv\u00e9ho chaosu a absencie pevn\u00e9ho bodu, sa st\u00e1va metaforou n\u00e1\u0161ho s\u00fa\u010dasn\u00e9ho pre\u017e\u00edvania sveta \u2013 rozkol\u00edsan\u00e9ho, digit\u00e1lneho, zneisten\u00e9ho. V\u00a0Interstitii nie je kr\u00edza prechodn\u00fdm stavom, ale trval\u00fdm prostred\u00edm, v ktorom sa u\u010d\u00edme existova\u0165.<br><br>Dielo reflektuje osobn\u00e9 i kolekt\u00edvne mechanizmy pre\u017eitia v pr\u00edtomnosti plnej trhl\u00edn. Je to tich\u00e9 miesto, kde sa namiesto odporu objavuje prijatie ako akt vn\u00fatornej zmeny<br><br>Pou\u017eit\u00e1 netkan\u00e1 text\u00edlia, p\u00f4vodne ur\u010den\u00e1 na ochranu mlad\u00fdch stromov, tu nadob\u00fada opa\u010dn\u00fa funkciu: miesto ochrany sa st\u00e1va z\u00e1\u0165a\u017eou, obalom, ktor\u00fd zadr\u017eiava, dus\u00ed, hromad\u00ed. Tento materi\u00e1l \u2013 nosi\u010d pam\u00e4ti \u2013 sa premie\u0148a na \u0161trukt\u00faru, ktor\u00e1 u\u017e nesl\u00fa\u017ei svojmu p\u00f4vodn\u00e9mu \u00fa\u010delu, ale vytv\u00e1ra priestor, kde sa vrstvia stopy a st\u00ed\u0161en\u00e9 fragmenty.<br><br>Pr\u00e1ca sk\u00fama moment, ke\u010f sa ochrana st\u00e1va prek\u00e1\u017ekou, ke\u010f sa funkcia obracia proti p\u00f4vodn\u00e9mu z\u00e1meru. Obnova tu nie je n\u00e1vratom, ale aktom uvo\u013enenia \u2013 tich\u00fdm s\u00fahlasom necha\u0165 veci od\u00eds\u0165, prija\u0165 z\u00e1nik ako podmienku transform\u00e1cie.<br><br>Interstitia je priestorom tichej premeny, kde sa hranica medzi uchov\u00e1van\u00edm a stratou rozpl\u00fdva, kde sa ochrana men\u00ed na priepustnos\u0165 a z\u00e1nik na prijatie.<\/p>\n\n\n\n<figure class=\"wp-block-gallery has-nested-images columns-default is-cropped wp-block-gallery-1 is-layout-flex wp-block-gallery-is-layout-flex\">\n<figure class=\"wp-block-image size-large\"><a href=\"https:\/\/www.bratislavadesignweek.sk\/wp-content\/uploads\/2025\/09\/jessika-radicsova.jpg\"><img fetchpriority=\"high\" decoding=\"async\" width=\"1024\" height=\"576\" data-id=\"16262\" src=\"https:\/\/www.bratislavadesignweek.sk\/wp-content\/uploads\/2025\/09\/jessika-radicsova-1024x576.jpg\" alt=\"\" class=\"wp-image-16262\" srcset=\"https:\/\/www.bratislavadesignweek.sk\/wp-content\/uploads\/2025\/09\/jessika-radicsova-1024x576.jpg 1024w, https:\/\/www.bratislavadesignweek.sk\/wp-content\/uploads\/2025\/09\/jessika-radicsova-300x169.jpg 300w, https:\/\/www.bratislavadesignweek.sk\/wp-content\/uploads\/2025\/09\/jessika-radicsova-768x432.jpg 768w, https:\/\/www.bratislavadesignweek.sk\/wp-content\/uploads\/2025\/09\/jessika-radicsova-18x10.jpg 18w, https:\/\/www.bratislavadesignweek.sk\/wp-content\/uploads\/2025\/09\/jessika-radicsova.jpg 1280w\" sizes=\"(max-width: 1024px) 100vw, 1024px\" \/><\/a><\/figure>\n<\/figure>","protected":false},"excerpt":{"rendered":"<p>Interstitia je priestorom medzi \u2013 medzi p\u00f4vodom a z\u00e1nikom, medzi kolapsom a mo\u017enos\u0165ou prijatia. Dielo sk\u00fama stav, ke\u010f sa v\u0161etko rozpad\u00e1, no namiesto snahy o opravu \u010di n\u00e1vrat sa objavuje moment ticha, otvorenosti a akcept\u00e1cie nevyhnutn\u00e9ho. Tento medzipriestor, pln\u00fd neistoty, zdanliv\u00e9ho chaosu a absencie pevn\u00e9ho bodu, sa st\u00e1va metaforou n\u00e1\u0161ho s\u00fa\u010dasn\u00e9ho pre\u017e\u00edvania sveta \u2013 rozkol\u00edsan\u00e9ho, [&hellip;]<\/p>","protected":false},"author":2,"featured_media":16263,"comment_status":"closed","ping_status":"closed","sticky":false,"template":"","format":"standard","meta":{"footnotes":""},"categories":[900,908,786],"tags":[],"_links":{"self":[{"href":"https:\/\/www.bratislavadesignweek.sk\/en\/wp-json\/wp\/v2\/posts\/16261"}],"collection":[{"href":"https:\/\/www.bratislavadesignweek.sk\/en\/wp-json\/wp\/v2\/posts"}],"about":[{"href":"https:\/\/www.bratislavadesignweek.sk\/en\/wp-json\/wp\/v2\/types\/post"}],"author":[{"embeddable":true,"href":"https:\/\/www.bratislavadesignweek.sk\/en\/wp-json\/wp\/v2\/users\/2"}],"replies":[{"embeddable":true,"href":"https:\/\/www.bratislavadesignweek.sk\/en\/wp-json\/wp\/v2\/comments?post=16261"}],"version-history":[{"count":1,"href":"https:\/\/www.bratislavadesignweek.sk\/en\/wp-json\/wp\/v2\/posts\/16261\/revisions"}],"predecessor-version":[{"id":16266,"href":"https:\/\/www.bratislavadesignweek.sk\/en\/wp-json\/wp\/v2\/posts\/16261\/revisions\/16266"}],"wp:featuredmedia":[{"embeddable":true,"href":"https:\/\/www.bratislavadesignweek.sk\/en\/wp-json\/wp\/v2\/media\/16263"}],"wp:attachment":[{"href":"https:\/\/www.bratislavadesignweek.sk\/en\/wp-json\/wp\/v2\/media?parent=16261"}],"wp:term":[{"taxonomy":"category","embeddable":true,"href":"https:\/\/www.bratislavadesignweek.sk\/en\/wp-json\/wp\/v2\/categories?post=16261"},{"taxonomy":"post_tag","embeddable":true,"href":"https:\/\/www.bratislavadesignweek.sk\/en\/wp-json\/wp\/v2\/tags?post=16261"}],"curies":[{"name":"wp","href":"https:\/\/api.w.org\/{rel}","templated":true}]}}