{"id":16277,"date":"2025-09-17T08:59:31","date_gmt":"2025-09-17T06:59:31","guid":{"rendered":"https:\/\/www.bratislavadesignweek.sk\/?p=16277"},"modified":"2025-09-19T21:19:08","modified_gmt":"2025-09-19T19:19:08","slug":"open-call-school-area-lucia-bartosova-dialog-materialu-a-foriem","status":"publish","type":"post","link":"https:\/\/www.bratislavadesignweek.sk\/en\/open-call-school-area-lucia-bartosova-dialog-materialu-a-foriem\/","title":{"rendered":"OPEN CALL \/ SCHOOL AREA \/ LUCIA BARTO\u0160OV\u00c1: DIAL\u00d3G MATERI\u00c1LU A FORIEM"},"content":{"rendered":"<p>Ateli\u00e9r Kov a&nbsp;\u0161perk, V\u0160VU Bratislava<\/p>\n\n\n\n<p><br>T\u00e9ma mojej pr\u00e1ce vych\u00e1dza z konceptu &#8222;mno\u017estvo \u2013 liek a jed&#8220;, no jej jadro nespo\u010d\u00edva len v\u00a0jeho kontradikcii, ale najm\u00e4 v tom, ako materi\u00e1l a jeho spracovanie dok\u00e1\u017eu vizu\u00e1lne komunikova\u0165 v\u00fdznam. Nepracujem s narat\u00edvom alebo ilustr\u00e1ciou, ale so znakmi, ktor\u00e9 s\u00fa \u010ditate\u013en\u00e9 prostredn\u00edctvom tvaru, objemu, a\u00a0povrchu. Vytvorila som s\u00e9riu prste\u0148ov, ktor\u00e9 pokr\u00fdvaj\u00fa cel\u00fa \u013eav\u00fa a prav\u00fa ruku \u2013 strieborn\u00e9 na \u013eavej ruke predstavuj\u00fa lie\u010div\u00fd princ\u00edp a meden\u00e9 na pravej ruke steles\u0148uj\u00fa jeho jedovat\u00fa paralelu.<\/p>\n\n\n\n<figure class=\"wp-block-gallery has-nested-images columns-default is-cropped wp-block-gallery-1 is-layout-flex wp-block-gallery-is-layout-flex\">\n<figure class=\"wp-block-image size-large\"><a href=\"https:\/\/www.bratislavadesignweek.sk\/wp-content\/uploads\/2025\/09\/lucia-bartosova.jpg\"><img fetchpriority=\"high\" decoding=\"async\" width=\"768\" height=\"1024\" data-id=\"16278\" src=\"https:\/\/www.bratislavadesignweek.sk\/wp-content\/uploads\/2025\/09\/lucia-bartosova-768x1024.jpg\" alt=\"\" class=\"wp-image-16278\" srcset=\"https:\/\/www.bratislavadesignweek.sk\/wp-content\/uploads\/2025\/09\/lucia-bartosova-768x1024.jpg 768w, https:\/\/www.bratislavadesignweek.sk\/wp-content\/uploads\/2025\/09\/lucia-bartosova-225x300.jpg 225w, https:\/\/www.bratislavadesignweek.sk\/wp-content\/uploads\/2025\/09\/lucia-bartosova-1152x1536.jpg 1152w, https:\/\/www.bratislavadesignweek.sk\/wp-content\/uploads\/2025\/09\/lucia-bartosova-1536x2048.jpg 1536w, https:\/\/www.bratislavadesignweek.sk\/wp-content\/uploads\/2025\/09\/lucia-bartosova-9x12.jpg 9w, https:\/\/www.bratislavadesignweek.sk\/wp-content\/uploads\/2025\/09\/lucia-bartosova.jpg 1920w\" sizes=\"(max-width: 768px) 100vw, 768px\" \/><\/a><\/figure>\n<\/figure>","protected":false},"excerpt":{"rendered":"<p>Ateli\u00e9r Kov a&nbsp;\u0161perk, V\u0160VU Bratislava T\u00e9ma mojej pr\u00e1ce vych\u00e1dza z konceptu &#8222;mno\u017estvo \u2013 liek a jed&#8220;, no jej jadro nespo\u010d\u00edva len v\u00a0jeho kontradikcii, ale najm\u00e4 v tom, ako materi\u00e1l a jeho spracovanie dok\u00e1\u017eu vizu\u00e1lne komunikova\u0165 v\u00fdznam. Nepracujem s narat\u00edvom alebo ilustr\u00e1ciou, ale so znakmi, ktor\u00e9 s\u00fa \u010ditate\u013en\u00e9 prostredn\u00edctvom tvaru, objemu, a\u00a0povrchu. Vytvorila som s\u00e9riu prste\u0148ov, [&hellip;]<\/p>","protected":false},"author":2,"featured_media":16279,"comment_status":"closed","ping_status":"closed","sticky":false,"template":"","format":"standard","meta":{"footnotes":""},"categories":[900,908],"tags":[],"_links":{"self":[{"href":"https:\/\/www.bratislavadesignweek.sk\/en\/wp-json\/wp\/v2\/posts\/16277"}],"collection":[{"href":"https:\/\/www.bratislavadesignweek.sk\/en\/wp-json\/wp\/v2\/posts"}],"about":[{"href":"https:\/\/www.bratislavadesignweek.sk\/en\/wp-json\/wp\/v2\/types\/post"}],"author":[{"embeddable":true,"href":"https:\/\/www.bratislavadesignweek.sk\/en\/wp-json\/wp\/v2\/users\/2"}],"replies":[{"embeddable":true,"href":"https:\/\/www.bratislavadesignweek.sk\/en\/wp-json\/wp\/v2\/comments?post=16277"}],"version-history":[{"count":1,"href":"https:\/\/www.bratislavadesignweek.sk\/en\/wp-json\/wp\/v2\/posts\/16277\/revisions"}],"predecessor-version":[{"id":16282,"href":"https:\/\/www.bratislavadesignweek.sk\/en\/wp-json\/wp\/v2\/posts\/16277\/revisions\/16282"}],"wp:featuredmedia":[{"embeddable":true,"href":"https:\/\/www.bratislavadesignweek.sk\/en\/wp-json\/wp\/v2\/media\/16279"}],"wp:attachment":[{"href":"https:\/\/www.bratislavadesignweek.sk\/en\/wp-json\/wp\/v2\/media?parent=16277"}],"wp:term":[{"taxonomy":"category","embeddable":true,"href":"https:\/\/www.bratislavadesignweek.sk\/en\/wp-json\/wp\/v2\/categories?post=16277"},{"taxonomy":"post_tag","embeddable":true,"href":"https:\/\/www.bratislavadesignweek.sk\/en\/wp-json\/wp\/v2\/tags?post=16277"}],"curies":[{"name":"wp","href":"https:\/\/api.w.org\/{rel}","templated":true}]}}