{"id":16285,"date":"2025-09-17T09:01:00","date_gmt":"2025-09-17T07:01:00","guid":{"rendered":"https:\/\/www.bratislavadesignweek.sk\/?p=16285"},"modified":"2025-09-19T21:18:59","modified_gmt":"2025-09-19T19:18:59","slug":"open-call-dizajn-lab-dominika-korbasova-terezia-jandusikova-puf-puf-studio-prizracnik","status":"publish","type":"post","link":"https:\/\/www.bratislavadesignweek.sk\/en\/open-call-dizajn-lab-dominika-korbasova-terezia-jandusikova-puf-puf-studio-prizracnik\/","title":{"rendered":"OPEN CALL \/ DIZAJN LAB \/ DOMINIKA KORBA\u0160OV\u00c1, TER\u00c9ZIA JANDU\u0160\u00cdKOV\u00c1 \/ PUF PUF STUDIO: PR\u00cdZRA\u010cN\u00cdK"},"content":{"rendered":"<p>Dielo sa zameriava na o\u017eivenie d\u00e9monologick\u00fdch bytost\u00ed a povest\u00ed, ktor\u00e9 po st\u00e1ro\u010dia formovali \u017eivoty a vieru Slovanov. Projekt vych\u00e1dza z osobn\u00e9ho z\u00e1ujmu a fascin\u00e1cie prepojen\u00edm minulosti s pr\u00edtomnos\u0165ou. V\u010faka interakt\u00edvnym prvkom m\u00f4\u017eu by\u0165 tieto pr\u00edbehy predstaven\u00e9 v nov\u00fdch kontextoch, kde sa prel\u00ednaj\u00fa so s\u00fa\u010dasn\u00fdmi lokalitami a kult\u00farou. Pr\u00e1ca sp\u00e1ja tradi\u010dn\u00e9 narat\u00edvy s digit\u00e1lnym prostred\u00edm, \u010d\u00edm sa star\u00e9 legendy st\u00e1vaj\u00fa nielen pr\u00edstupn\u00fdmi, ale aj relevantn\u00fdmi pre dne\u0161n\u00fa gener\u00e1ciu. Uvedomovanie si d\u00f4le\u017eitosti minulosti n\u00e1s nab\u00e1da hovori\u0165 o nej aj dnes, preto\u017ee ten, kto sa z nej nepou\u010d\u00ed, je ods\u00faden\u00fd ju pre\u017ei\u0165 znovu.<br><br><\/p>\n\n\n\n<figure class=\"wp-block-gallery has-nested-images columns-default is-cropped wp-block-gallery-1 is-layout-flex wp-block-gallery-is-layout-flex\">\n<figure class=\"wp-block-image size-large\"><a href=\"https:\/\/www.bratislavadesignweek.sk\/wp-content\/uploads\/2025\/09\/puf-puf.jpg\"><img fetchpriority=\"high\" decoding=\"async\" width=\"682\" height=\"1024\" data-id=\"16286\" src=\"https:\/\/www.bratislavadesignweek.sk\/wp-content\/uploads\/2025\/09\/puf-puf-682x1024.jpg\" alt=\"\" class=\"wp-image-16286\" srcset=\"https:\/\/www.bratislavadesignweek.sk\/wp-content\/uploads\/2025\/09\/puf-puf-682x1024.jpg 682w, https:\/\/www.bratislavadesignweek.sk\/wp-content\/uploads\/2025\/09\/puf-puf-200x300.jpg 200w, https:\/\/www.bratislavadesignweek.sk\/wp-content\/uploads\/2025\/09\/puf-puf-768x1152.jpg 768w, https:\/\/www.bratislavadesignweek.sk\/wp-content\/uploads\/2025\/09\/puf-puf-1024x1536.jpg 1024w, https:\/\/www.bratislavadesignweek.sk\/wp-content\/uploads\/2025\/09\/puf-puf-1365x2048.jpg 1365w, https:\/\/www.bratislavadesignweek.sk\/wp-content\/uploads\/2025\/09\/puf-puf-8x12.jpg 8w, https:\/\/www.bratislavadesignweek.sk\/wp-content\/uploads\/2025\/09\/puf-puf.jpg 1706w\" sizes=\"(max-width: 682px) 100vw, 682px\" \/><\/a><\/figure>\n<\/figure>","protected":false},"excerpt":{"rendered":"<p>Dielo sa zameriava na o\u017eivenie d\u00e9monologick\u00fdch bytost\u00ed a povest\u00ed, ktor\u00e9 po st\u00e1ro\u010dia formovali \u017eivoty a vieru Slovanov. Projekt vych\u00e1dza z osobn\u00e9ho z\u00e1ujmu a fascin\u00e1cie prepojen\u00edm minulosti s pr\u00edtomnos\u0165ou. V\u010faka interakt\u00edvnym prvkom m\u00f4\u017eu by\u0165 tieto pr\u00edbehy predstaven\u00e9 v nov\u00fdch kontextoch, kde sa prel\u00ednaj\u00fa so s\u00fa\u010dasn\u00fdmi lokalitami a kult\u00farou. Pr\u00e1ca sp\u00e1ja tradi\u010dn\u00e9 narat\u00edvy s digit\u00e1lnym prostred\u00edm, \u010d\u00edm [&hellip;]<\/p>","protected":false},"author":2,"featured_media":16287,"comment_status":"closed","ping_status":"closed","sticky":false,"template":"","format":"standard","meta":{"footnotes":""},"categories":[900,908,786],"tags":[],"_links":{"self":[{"href":"https:\/\/www.bratislavadesignweek.sk\/en\/wp-json\/wp\/v2\/posts\/16285"}],"collection":[{"href":"https:\/\/www.bratislavadesignweek.sk\/en\/wp-json\/wp\/v2\/posts"}],"about":[{"href":"https:\/\/www.bratislavadesignweek.sk\/en\/wp-json\/wp\/v2\/types\/post"}],"author":[{"embeddable":true,"href":"https:\/\/www.bratislavadesignweek.sk\/en\/wp-json\/wp\/v2\/users\/2"}],"replies":[{"embeddable":true,"href":"https:\/\/www.bratislavadesignweek.sk\/en\/wp-json\/wp\/v2\/comments?post=16285"}],"version-history":[{"count":1,"href":"https:\/\/www.bratislavadesignweek.sk\/en\/wp-json\/wp\/v2\/posts\/16285\/revisions"}],"predecessor-version":[{"id":16290,"href":"https:\/\/www.bratislavadesignweek.sk\/en\/wp-json\/wp\/v2\/posts\/16285\/revisions\/16290"}],"wp:featuredmedia":[{"embeddable":true,"href":"https:\/\/www.bratislavadesignweek.sk\/en\/wp-json\/wp\/v2\/media\/16287"}],"wp:attachment":[{"href":"https:\/\/www.bratislavadesignweek.sk\/en\/wp-json\/wp\/v2\/media?parent=16285"}],"wp:term":[{"taxonomy":"category","embeddable":true,"href":"https:\/\/www.bratislavadesignweek.sk\/en\/wp-json\/wp\/v2\/categories?post=16285"},{"taxonomy":"post_tag","embeddable":true,"href":"https:\/\/www.bratislavadesignweek.sk\/en\/wp-json\/wp\/v2\/tags?post=16285"}],"curies":[{"name":"wp","href":"https:\/\/api.w.org\/{rel}","templated":true}]}}