{"id":16293,"date":"2025-09-17T09:02:39","date_gmt":"2025-09-17T07:02:39","guid":{"rendered":"https:\/\/www.bratislavadesignweek.sk\/?p=16293"},"modified":"2025-09-19T21:18:51","modified_gmt":"2025-09-19T19:18:51","slug":"open-call-parallel-area-skola-dizajnu-prototypy-a-vizualizacie-2025","status":"publish","type":"post","link":"https:\/\/www.bratislavadesignweek.sk\/en\/open-call-parallel-area-skola-dizajnu-prototypy-a-vizualizacie-2025\/","title":{"rendered":"OPEN CALL \/ PARALLEL AREA \/ DESIGN SCHOOL: PROTOTYPES AND VISUALIZATIONS 2025"},"content":{"rendered":"<p>Majors Industrial and Graphic and Spatial Design, School of Design. Private School of Art Industry Bohumil Ba\u010da, Bratislava<\/p>\n\n\n\n<p>Pedagogical leadership: Martin Mikl\u00e1\u0161, Tom\u00e1\u0161 Vicen, Miriam Kulacsov\u00e1<\/p>\n\n\n\n<p>The accompanying exhibition of BADW, which will be inaugurated at the Amandari Reduta on 25 September, will present a selection of works by graduates of the School of Design from the fields of Industrial Design and Graphic and Spatial Design. Visitors will see, for example, prototypes of functional objects, experimental furniture or book designs and a series of posters. These disciplines cover secondary education focused on the creation of visual identities, concepts for exhibition installations, spatial models or projects focused on visual communication in public space. The projects, created under the guidance of experienced teachers, respond to the current challenges of contemporary design. The exhibition is an opportunity to peer into the studios where the future of design is being born and to experience the energy of creation that transcends the boundaries of the school.<br><br><\/p>\n\n\n\n<figure class=\"wp-block-gallery has-nested-images columns-default is-cropped wp-block-gallery-1 is-layout-flex wp-block-gallery-is-layout-flex\">\n<figure class=\"wp-block-image size-large\"><a href=\"https:\/\/www.bratislavadesignweek.sk\/wp-content\/uploads\/2025\/09\/skola-dizajnu-graficky-a-priestorovy-dizajn.jpg\"><img fetchpriority=\"high\" decoding=\"async\" width=\"1024\" height=\"681\" data-id=\"16294\" src=\"https:\/\/www.bratislavadesignweek.sk\/wp-content\/uploads\/2025\/09\/skola-dizajnu-graficky-a-priestorovy-dizajn-1024x681.jpg\" alt=\"\" class=\"wp-image-16294\" srcset=\"https:\/\/www.bratislavadesignweek.sk\/wp-content\/uploads\/2025\/09\/skola-dizajnu-graficky-a-priestorovy-dizajn-1024x681.jpg 1024w, https:\/\/www.bratislavadesignweek.sk\/wp-content\/uploads\/2025\/09\/skola-dizajnu-graficky-a-priestorovy-dizajn-300x200.jpg 300w, https:\/\/www.bratislavadesignweek.sk\/wp-content\/uploads\/2025\/09\/skola-dizajnu-graficky-a-priestorovy-dizajn-768x511.jpg 768w, https:\/\/www.bratislavadesignweek.sk\/wp-content\/uploads\/2025\/09\/skola-dizajnu-graficky-a-priestorovy-dizajn-1536x1022.jpg 1536w, https:\/\/www.bratislavadesignweek.sk\/wp-content\/uploads\/2025\/09\/skola-dizajnu-graficky-a-priestorovy-dizajn-2048x1362.jpg 2048w, https:\/\/www.bratislavadesignweek.sk\/wp-content\/uploads\/2025\/09\/skola-dizajnu-graficky-a-priestorovy-dizajn-18x12.jpg 18w\" sizes=\"(max-width: 1024px) 100vw, 1024px\" \/><\/a><\/figure>\n<\/figure>","protected":false},"excerpt":{"rendered":"<p>Odbory Priemyseln\u00fd a Grafick\u00fd a priestorov\u00fd dizajn, \u0160kola dizajnu. S\u00fakromn\u00e1 \u0161kola umeleck\u00e9ho priemyslu Bohumila Ba\u010du, Bratislava Pedagogick\u00e9 vedenie: Martin Mikl\u00e1\u0161, Tom\u00e1\u0161 Vicen, Miriam Kulacsov\u00e1 Na sprievodnej v\u00fdstave BADW, ktor\u00e1 sa bude sl\u00e1vnostne otv\u00e1ra\u0165 v Amandari Reduta 25. septembra, sa predstav\u00ed v\u00fdber pr\u00e1c maturantov \u0160koly dizajnu z odborov Priemyseln\u00fd dizajn a Grafick\u00fd a priestorov\u00fd dizajn. N\u00e1v\u0161tevn\u00edci [&hellip;]<\/p>","protected":false},"author":2,"featured_media":16295,"comment_status":"closed","ping_status":"closed","sticky":false,"template":"","format":"standard","meta":{"footnotes":""},"categories":[900,908,786],"tags":[],"_links":{"self":[{"href":"https:\/\/www.bratislavadesignweek.sk\/en\/wp-json\/wp\/v2\/posts\/16293"}],"collection":[{"href":"https:\/\/www.bratislavadesignweek.sk\/en\/wp-json\/wp\/v2\/posts"}],"about":[{"href":"https:\/\/www.bratislavadesignweek.sk\/en\/wp-json\/wp\/v2\/types\/post"}],"author":[{"embeddable":true,"href":"https:\/\/www.bratislavadesignweek.sk\/en\/wp-json\/wp\/v2\/users\/2"}],"replies":[{"embeddable":true,"href":"https:\/\/www.bratislavadesignweek.sk\/en\/wp-json\/wp\/v2\/comments?post=16293"}],"version-history":[{"count":1,"href":"https:\/\/www.bratislavadesignweek.sk\/en\/wp-json\/wp\/v2\/posts\/16293\/revisions"}],"predecessor-version":[{"id":16298,"href":"https:\/\/www.bratislavadesignweek.sk\/en\/wp-json\/wp\/v2\/posts\/16293\/revisions\/16298"}],"wp:featuredmedia":[{"embeddable":true,"href":"https:\/\/www.bratislavadesignweek.sk\/en\/wp-json\/wp\/v2\/media\/16295"}],"wp:attachment":[{"href":"https:\/\/www.bratislavadesignweek.sk\/en\/wp-json\/wp\/v2\/media?parent=16293"}],"wp:term":[{"taxonomy":"category","embeddable":true,"href":"https:\/\/www.bratislavadesignweek.sk\/en\/wp-json\/wp\/v2\/categories?post=16293"},{"taxonomy":"post_tag","embeddable":true,"href":"https:\/\/www.bratislavadesignweek.sk\/en\/wp-json\/wp\/v2\/tags?post=16293"}],"curies":[{"name":"wp","href":"https:\/\/api.w.org\/{rel}","templated":true}]}}