{"id":16568,"date":"2025-09-18T18:12:37","date_gmt":"2025-09-18T16:12:37","guid":{"rendered":"https:\/\/www.bratislavadesignweek.sk\/?p=16568"},"modified":"2025-09-19T21:18:34","modified_gmt":"2025-09-19T19:18:34","slug":"open-call-school-area-bernadett-slavikova-pasta","status":"publish","type":"post","link":"https:\/\/www.bratislavadesignweek.sk\/en\/open-call-school-area-bernadett-slavikova-pasta\/","title":{"rendered":"OPEN CALL \/ SCHOOL AREA \/ BERNADETT NIGHTINGALE: PASTE"},"content":{"rendered":"<p>Ateli\u00e9r sklo, V\u0160VU Bratislava<\/p>\n\n\n\n<p><br>S\u00fabor objektov vych\u00e1dza z kuchynsk\u00fdch pom\u00f4cok, ktor\u00e9 premie\u0148aj\u00fa pr\u00edpravu jedla na spomalen\u00fd a vedom\u00fd ritu\u00e1l. Taven\u00e9 formy s br\u00fasen\u00fdm vzorom vy\u017eaduj\u00fa manu\u00e1lnu pozornos\u0165, \u010d\u00edm pos\u00favaj\u00fa u\u017eito\u010dnos\u0165 od efektivity k z\u00e1\u017eitku. V procese pr\u00edpravy sa telesn\u00e9 gesto st\u00e1va v\u00fdznamov\u00fdm prvkom a jedlo samotn\u00e9 efem\u00e9rnym v\u00fdsledkom. Estetika diel \u010derp\u00e1 z remeselnej trad\u00edcie a ornament\u00e1lnej pam\u00e4te materi\u00e1lov. Objekty balansuj\u00fa medzi ka\u017edodenn\u00fdm n\u00e1strojom a performat\u00edvnym artefaktom.<\/p>\n\n\n\n<figure class=\"wp-block-gallery has-nested-images columns-default is-cropped wp-block-gallery-1 is-layout-flex wp-block-gallery-is-layout-flex\">\n<figure class=\"wp-block-image size-large\"><a href=\"https:\/\/www.bratislavadesignweek.sk\/wp-content\/uploads\/2025\/09\/bernadette-slavikova.jpg\"><img fetchpriority=\"high\" decoding=\"async\" width=\"1009\" height=\"1024\" data-id=\"16569\" src=\"https:\/\/www.bratislavadesignweek.sk\/wp-content\/uploads\/2025\/09\/bernadette-slavikova-1009x1024.jpg\" alt=\"\" class=\"wp-image-16569\" srcset=\"https:\/\/www.bratislavadesignweek.sk\/wp-content\/uploads\/2025\/09\/bernadette-slavikova-1009x1024.jpg 1009w, https:\/\/www.bratislavadesignweek.sk\/wp-content\/uploads\/2025\/09\/bernadette-slavikova-296x300.jpg 296w, https:\/\/www.bratislavadesignweek.sk\/wp-content\/uploads\/2025\/09\/bernadette-slavikova-768x779.jpg 768w, https:\/\/www.bratislavadesignweek.sk\/wp-content\/uploads\/2025\/09\/bernadette-slavikova-1514x1536.jpg 1514w, https:\/\/www.bratislavadesignweek.sk\/wp-content\/uploads\/2025\/09\/bernadette-slavikova-2018x2048.jpg 2018w, https:\/\/www.bratislavadesignweek.sk\/wp-content\/uploads\/2025\/09\/bernadette-slavikova-12x12.jpg 12w\" sizes=\"(max-width: 1009px) 100vw, 1009px\" \/><\/a><\/figure>\n<\/figure>","protected":false},"excerpt":{"rendered":"<p>Ateli\u00e9r sklo, V\u0160VU Bratislava S\u00fabor objektov vych\u00e1dza z kuchynsk\u00fdch pom\u00f4cok, ktor\u00e9 premie\u0148aj\u00fa pr\u00edpravu jedla na spomalen\u00fd a vedom\u00fd ritu\u00e1l. Taven\u00e9 formy s br\u00fasen\u00fdm vzorom vy\u017eaduj\u00fa manu\u00e1lnu pozornos\u0165, \u010d\u00edm pos\u00favaj\u00fa u\u017eito\u010dnos\u0165 od efektivity k z\u00e1\u017eitku. V procese pr\u00edpravy sa telesn\u00e9 gesto st\u00e1va v\u00fdznamov\u00fdm prvkom a jedlo samotn\u00e9 efem\u00e9rnym v\u00fdsledkom. Estetika diel \u010derp\u00e1 z remeselnej trad\u00edcie a [&hellip;]<\/p>","protected":false},"author":2,"featured_media":16570,"comment_status":"closed","ping_status":"closed","sticky":false,"template":"","format":"standard","meta":{"footnotes":""},"categories":[900,908,786],"tags":[],"_links":{"self":[{"href":"https:\/\/www.bratislavadesignweek.sk\/en\/wp-json\/wp\/v2\/posts\/16568"}],"collection":[{"href":"https:\/\/www.bratislavadesignweek.sk\/en\/wp-json\/wp\/v2\/posts"}],"about":[{"href":"https:\/\/www.bratislavadesignweek.sk\/en\/wp-json\/wp\/v2\/types\/post"}],"author":[{"embeddable":true,"href":"https:\/\/www.bratislavadesignweek.sk\/en\/wp-json\/wp\/v2\/users\/2"}],"replies":[{"embeddable":true,"href":"https:\/\/www.bratislavadesignweek.sk\/en\/wp-json\/wp\/v2\/comments?post=16568"}],"version-history":[{"count":1,"href":"https:\/\/www.bratislavadesignweek.sk\/en\/wp-json\/wp\/v2\/posts\/16568\/revisions"}],"predecessor-version":[{"id":16573,"href":"https:\/\/www.bratislavadesignweek.sk\/en\/wp-json\/wp\/v2\/posts\/16568\/revisions\/16573"}],"wp:featuredmedia":[{"embeddable":true,"href":"https:\/\/www.bratislavadesignweek.sk\/en\/wp-json\/wp\/v2\/media\/16570"}],"wp:attachment":[{"href":"https:\/\/www.bratislavadesignweek.sk\/en\/wp-json\/wp\/v2\/media?parent=16568"}],"wp:term":[{"taxonomy":"category","embeddable":true,"href":"https:\/\/www.bratislavadesignweek.sk\/en\/wp-json\/wp\/v2\/categories?post=16568"},{"taxonomy":"post_tag","embeddable":true,"href":"https:\/\/www.bratislavadesignweek.sk\/en\/wp-json\/wp\/v2\/tags?post=16568"}],"curies":[{"name":"wp","href":"https:\/\/api.w.org\/{rel}","templated":true}]}}