{"id":16649,"date":"2025-09-18T18:28:51","date_gmt":"2025-09-18T16:28:51","guid":{"rendered":"https:\/\/www.bratislavadesignweek.sk\/?p=16649"},"modified":"2025-09-19T21:14:35","modified_gmt":"2025-09-19T19:14:35","slug":"open-call-school-area-viktoria-bakusova-vsimaj-si-co-pozorujes","status":"publish","type":"post","link":"https:\/\/www.bratislavadesignweek.sk\/en\/open-call-school-area-viktoria-bakusova-vsimaj-si-co-pozorujes\/","title":{"rendered":"OPEN CALL \/ SCHOOL AREA \/ VIKT\u00d3RIA BAKU\u0160OV\u00c1: NOTICE WHAT YOU OBSERVE."},"content":{"rendered":"<p>Ateli\u00e9r textilnej tvorby v&nbsp;priestore, V\u0160VU Bratislava<\/p>\n\n\n\n<p>Autorka vo svojej pr\u00e1ci citlivo reaguje na okolie, v\u0161\u00edma si \u017eiv\u00e9 aj ne\u017eiv\u00e9 prvky. Vyu\u017e\u00edva osobit\u00fd sp\u00f4sob zachytenia skuto\u010dnosti a poukazuje na fakt, \u017ee aj na prv\u00fd poh\u013ead oby\u010dajn\u00e9 veci m\u00f4\u017eu by\u0165 zauj\u00edmav\u00e9 a vo svojej jednoduchosti kr\u00e1sne. Tkan\u00edm na krosn\u00e1ch autorka sk\u00fama pre \u0148u nov\u00fa polohu tkania, pri\u010dom sleduje mo\u017enosti a limity tejto techniky. Pri jemn\u00fdch, subt\u00edlnych kresb\u00e1ch vol\u00ed materi\u00e1ly, ktor\u00e9 s kresbou vizu\u00e1lne komunikuj\u00fa, dop\u013a\u0148aj\u00fa ju, zjem\u0148uj\u00fa alebo naopak kontrastuj\u00fa. Z\u00e1rove\u0148 pracuje so typickou surovos\u0165ou pou\u017eit\u00fdch materi\u00e1lov. Tapis\u00e9rie vedome neza\u010dis\u0165uje, ponech\u00e1va ich v stave, v akom vznikli, \u010d\u00edm zd\u00f4raz\u0148uje autenticitu procesu a prirodzenos\u0165 v\u00fdrazu.<\/p>\n\n\n\n<figure class=\"wp-block-gallery has-nested-images columns-default is-cropped wp-block-gallery-1 is-layout-flex wp-block-gallery-is-layout-flex\">\n<figure class=\"wp-block-image size-large\"><a href=\"https:\/\/www.bratislavadesignweek.sk\/wp-content\/uploads\/2025\/09\/viktoria-bakusova.jpg\"><img fetchpriority=\"high\" decoding=\"async\" width=\"1024\" height=\"682\" data-id=\"16650\" src=\"https:\/\/www.bratislavadesignweek.sk\/wp-content\/uploads\/2025\/09\/viktoria-bakusova.jpg\" alt=\"\" class=\"wp-image-16650\" srcset=\"https:\/\/www.bratislavadesignweek.sk\/wp-content\/uploads\/2025\/09\/viktoria-bakusova.jpg 1024w, https:\/\/www.bratislavadesignweek.sk\/wp-content\/uploads\/2025\/09\/viktoria-bakusova-300x200.jpg 300w, https:\/\/www.bratislavadesignweek.sk\/wp-content\/uploads\/2025\/09\/viktoria-bakusova-768x512.jpg 768w, https:\/\/www.bratislavadesignweek.sk\/wp-content\/uploads\/2025\/09\/viktoria-bakusova-18x12.jpg 18w\" sizes=\"(max-width: 1024px) 100vw, 1024px\" \/><\/a><\/figure>\n<\/figure>","protected":false},"excerpt":{"rendered":"<p>Ateli\u00e9r textilnej tvorby v&nbsp;priestore, V\u0160VU Bratislava Autorka vo svojej pr\u00e1ci citlivo reaguje na okolie, v\u0161\u00edma si \u017eiv\u00e9 aj ne\u017eiv\u00e9 prvky. Vyu\u017e\u00edva osobit\u00fd sp\u00f4sob zachytenia skuto\u010dnosti a poukazuje na fakt, \u017ee aj na prv\u00fd poh\u013ead oby\u010dajn\u00e9 veci m\u00f4\u017eu by\u0165 zauj\u00edmav\u00e9 a vo svojej jednoduchosti kr\u00e1sne. Tkan\u00edm na krosn\u00e1ch autorka sk\u00fama pre \u0148u nov\u00fa polohu tkania, pri\u010dom [&hellip;]<\/p>","protected":false},"author":2,"featured_media":16651,"comment_status":"closed","ping_status":"closed","sticky":false,"template":"","format":"standard","meta":{"footnotes":""},"categories":[900,908,786],"tags":[],"_links":{"self":[{"href":"https:\/\/www.bratislavadesignweek.sk\/en\/wp-json\/wp\/v2\/posts\/16649"}],"collection":[{"href":"https:\/\/www.bratislavadesignweek.sk\/en\/wp-json\/wp\/v2\/posts"}],"about":[{"href":"https:\/\/www.bratislavadesignweek.sk\/en\/wp-json\/wp\/v2\/types\/post"}],"author":[{"embeddable":true,"href":"https:\/\/www.bratislavadesignweek.sk\/en\/wp-json\/wp\/v2\/users\/2"}],"replies":[{"embeddable":true,"href":"https:\/\/www.bratislavadesignweek.sk\/en\/wp-json\/wp\/v2\/comments?post=16649"}],"version-history":[{"count":1,"href":"https:\/\/www.bratislavadesignweek.sk\/en\/wp-json\/wp\/v2\/posts\/16649\/revisions"}],"predecessor-version":[{"id":16654,"href":"https:\/\/www.bratislavadesignweek.sk\/en\/wp-json\/wp\/v2\/posts\/16649\/revisions\/16654"}],"wp:featuredmedia":[{"embeddable":true,"href":"https:\/\/www.bratislavadesignweek.sk\/en\/wp-json\/wp\/v2\/media\/16651"}],"wp:attachment":[{"href":"https:\/\/www.bratislavadesignweek.sk\/en\/wp-json\/wp\/v2\/media?parent=16649"}],"wp:term":[{"taxonomy":"category","embeddable":true,"href":"https:\/\/www.bratislavadesignweek.sk\/en\/wp-json\/wp\/v2\/categories?post=16649"},{"taxonomy":"post_tag","embeddable":true,"href":"https:\/\/www.bratislavadesignweek.sk\/en\/wp-json\/wp\/v2\/tags?post=16649"}],"curies":[{"name":"wp","href":"https:\/\/api.w.org\/{rel}","templated":true}]}}