{"id":16710,"date":"2025-09-18T20:37:12","date_gmt":"2025-09-18T18:37:12","guid":{"rendered":"https:\/\/www.bratislavadesignweek.sk\/?p=16710"},"modified":"2025-09-18T20:37:12","modified_gmt":"2025-09-18T18:37:12","slug":"piatok-26-9-2025-1600-open-architectural-studios-tour-komentovana-navsteva-architektonickych-atelierov-s-adamom-gajdosom","status":"publish","type":"post","link":"https:\/\/www.bratislavadesignweek.sk\/en\/piatok-26-9-2025-1600-open-architectural-studios-tour-komentovana-navsteva-architektonickych-atelierov-s-adamom-gajdosom\/","title":{"rendered":"piatok 26. 9. 2025 &#8211; 16:00 \/ Open Architectural Studios Tour.\u00a0Komentovan\u00e1 n\u00e1v\u0161teva architektonick\u00fdch ateli\u00e9rov s Adamom Gajdo\u0161om"},"content":{"rendered":"<p><strong>Lokalita:<\/strong> Svoradova\u00a0<\/p>\n\n\n\n<p><strong>Location:<\/strong> Svoradova ulica a okolie\u00a0<\/p>\n\n\n\n<p><strong>\u010cas: <\/strong>16.00 &#8211; 17.45\u00a0<\/p>\n\n\n\n<p>Ako vyzeraj\u00fa ateli\u00e9ry, v ktor\u00fdch sa navrhuje priestor? Okolie tohtoro\u010dn\u00e9ho Bratislava Design Weeku je bohat\u00e9 na viacer\u00e9 architektonick\u00e9 \u0161t\u00fadi\u00e1 Bratislavy, ktor\u00e9 s\u00fa z povahy veci m\u00e1lo pr\u00edstupn\u00e9 verejnosti. Do priestorov WHAT Architects, Sadovsky &amp; architects a Studen\u00fd architekti sa p\u00f4jdeme pozrie\u0165, pribl\u00ed\u017eime si ich architektonick\u00fa tvorbu a zodpovieme na ot\u00e1zku, ktor\u00fa sme si polo\u017eili na za\u010diatku tejto anot\u00e1cie.<\/p>\n\n\n\n<figure class=\"wp-block-gallery has-nested-images columns-default is-cropped wp-block-gallery-1 is-layout-flex wp-block-gallery-is-layout-flex\">\n<figure class=\"wp-block-image size-large\"><a href=\"https:\/\/www.bratislavadesignweek.sk\/wp-content\/uploads\/2025\/09\/IMG_7584-scaled.jpg\"><img fetchpriority=\"high\" decoding=\"async\" width=\"1024\" height=\"683\" data-id=\"16711\" src=\"https:\/\/www.bratislavadesignweek.sk\/wp-content\/uploads\/2025\/09\/IMG_7584-1024x683.jpg\" alt=\"\" class=\"wp-image-16711\" srcset=\"https:\/\/www.bratislavadesignweek.sk\/wp-content\/uploads\/2025\/09\/IMG_7584-1024x683.jpg 1024w, https:\/\/www.bratislavadesignweek.sk\/wp-content\/uploads\/2025\/09\/IMG_7584-300x200.jpg 300w, https:\/\/www.bratislavadesignweek.sk\/wp-content\/uploads\/2025\/09\/IMG_7584-768x512.jpg 768w, https:\/\/www.bratislavadesignweek.sk\/wp-content\/uploads\/2025\/09\/IMG_7584-1536x1024.jpg 1536w, https:\/\/www.bratislavadesignweek.sk\/wp-content\/uploads\/2025\/09\/IMG_7584-2048x1365.jpg 2048w, https:\/\/www.bratislavadesignweek.sk\/wp-content\/uploads\/2025\/09\/IMG_7584-18x12.jpg 18w\" sizes=\"(max-width: 1024px) 100vw, 1024px\" \/><\/a><\/figure>\n<\/figure>","protected":false},"excerpt":{"rendered":"<p>Lokalita: Svoradova\u00a0 Miesto: Svoradova ulica a okolie\u00a0 \u010cas: 16.00 &#8211; 17.45\u00a0 Ako vyzeraj\u00fa ateli\u00e9ry, v ktor\u00fdch sa navrhuje priestor? Okolie tohtoro\u010dn\u00e9ho Bratislava Design Weeku je bohat\u00e9 na viacer\u00e9 architektonick\u00e9 \u0161t\u00fadi\u00e1 Bratislavy, ktor\u00e9 s\u00fa z povahy veci m\u00e1lo pr\u00edstupn\u00e9 verejnosti. Do priestorov WHAT Architects, Sadovsky &amp; architects a Studen\u00fd architekti sa p\u00f4jdeme pozrie\u0165, pribl\u00ed\u017eime si ich [&hellip;]<\/p>","protected":false},"author":2,"featured_media":16712,"comment_status":"closed","ping_status":"closed","sticky":false,"template":"","format":"standard","meta":{"footnotes":""},"categories":[900],"tags":[],"_links":{"self":[{"href":"https:\/\/www.bratislavadesignweek.sk\/en\/wp-json\/wp\/v2\/posts\/16710"}],"collection":[{"href":"https:\/\/www.bratislavadesignweek.sk\/en\/wp-json\/wp\/v2\/posts"}],"about":[{"href":"https:\/\/www.bratislavadesignweek.sk\/en\/wp-json\/wp\/v2\/types\/post"}],"author":[{"embeddable":true,"href":"https:\/\/www.bratislavadesignweek.sk\/en\/wp-json\/wp\/v2\/users\/2"}],"replies":[{"embeddable":true,"href":"https:\/\/www.bratislavadesignweek.sk\/en\/wp-json\/wp\/v2\/comments?post=16710"}],"version-history":[{"count":1,"href":"https:\/\/www.bratislavadesignweek.sk\/en\/wp-json\/wp\/v2\/posts\/16710\/revisions"}],"predecessor-version":[{"id":16715,"href":"https:\/\/www.bratislavadesignweek.sk\/en\/wp-json\/wp\/v2\/posts\/16710\/revisions\/16715"}],"wp:featuredmedia":[{"embeddable":true,"href":"https:\/\/www.bratislavadesignweek.sk\/en\/wp-json\/wp\/v2\/media\/16712"}],"wp:attachment":[{"href":"https:\/\/www.bratislavadesignweek.sk\/en\/wp-json\/wp\/v2\/media?parent=16710"}],"wp:term":[{"taxonomy":"category","embeddable":true,"href":"https:\/\/www.bratislavadesignweek.sk\/en\/wp-json\/wp\/v2\/categories?post=16710"},{"taxonomy":"post_tag","embeddable":true,"href":"https:\/\/www.bratislavadesignweek.sk\/en\/wp-json\/wp\/v2\/tags?post=16710"}],"curies":[{"name":"wp","href":"https:\/\/api.w.org\/{rel}","templated":true}]}}