{"id":17105,"date":"2025-09-23T10:31:39","date_gmt":"2025-09-23T08:31:39","guid":{"rendered":"https:\/\/www.bratislavadesignweek.sk\/?p=17105"},"modified":"2025-09-23T10:31:39","modified_gmt":"2025-09-23T08:31:39","slug":"stvrtok-25-9-2025-1800-power-to-renovation","status":"publish","type":"post","link":"https:\/\/www.bratislavadesignweek.sk\/en\/stvrtok-25-9-2025-1800-power-to-renovation\/","title":{"rendered":"Thursday 25 Sep 2025 - 18:00 \/ Power to renovation"},"content":{"rendered":"<p>Diskusia o neb\u00faran\u00ed a obnove budov, premietanie fimu Power to Renovation. <\/p>\n\n\n\n<p>Neb\u00faranie a obnova budov sa st\u00e1vaj\u00fa najhor\u00facej\u0161\u00edmi t\u00e9mami architektonickej debaty v Eur\u00f3pe. Eur\u00f3pska ob\u010dianska iniciat\u00edva House Europe! vol\u00e1 po zastaven\u00ed \u0161pekulat\u00edvnych demol\u00edci\u00ed a zjednodu\u0161en\u00ed obnovovania existuj\u00facich stavieb. Event pozost\u00e1va z premietania filmu Power to renovation! a diskusie s architekt(k)ami so sk\u00fasenos\u0165ou s rekon\u0161trukciou stavieb vo viacer\u00fdch mierkach.<\/p>\n\n\n\n<p><strong>Diskutuj\u00faci*e<br><\/strong>Jana Benkov\u00e1 (benkobenkova)<br>Martin Jan\u010dok (plural)<br>M\u00e1ria Michali\u010d Kus\u00e1 (BKP\u0160)<br>Moderuje: Adam Gajdo\u0161<\/p>\n\n\n\n<p><strong>Location:<\/strong> Svoradov byt, Intern\u00e1t Svoradov, Svoradova 13, Bratislava<br><strong>Tickets<\/strong> during the festival at\u00a0<a href=\"https:\/\/www.instagram.com\/gooutslovensko\/\">@gooutslovensko<\/a><\/p>","protected":false},"excerpt":{"rendered":"<p>Diskusia o neb\u00faran\u00ed a obnove budov, premietanie fimu Power to Renovation. Neb\u00faranie a obnova budov sa st\u00e1vaj\u00fa najhor\u00facej\u0161\u00edmi t\u00e9mami architektonickej debaty v Eur\u00f3pe. Eur\u00f3pska ob\u010dianska iniciat\u00edva House Europe! vol\u00e1 po zastaven\u00ed \u0161pekulat\u00edvnych demol\u00edci\u00ed a zjednodu\u0161en\u00ed obnovovania existuj\u00facich stavieb. Event pozost\u00e1va z premietania filmu Power to renovation! a diskusie s architekt(k)ami so sk\u00fasenos\u0165ou s rekon\u0161trukciou stavieb [&hellip;]<\/p>","protected":false},"author":2,"featured_media":17106,"comment_status":"closed","ping_status":"closed","sticky":false,"template":"","format":"standard","meta":{"footnotes":""},"categories":[900],"tags":[],"_links":{"self":[{"href":"https:\/\/www.bratislavadesignweek.sk\/en\/wp-json\/wp\/v2\/posts\/17105"}],"collection":[{"href":"https:\/\/www.bratislavadesignweek.sk\/en\/wp-json\/wp\/v2\/posts"}],"about":[{"href":"https:\/\/www.bratislavadesignweek.sk\/en\/wp-json\/wp\/v2\/types\/post"}],"author":[{"embeddable":true,"href":"https:\/\/www.bratislavadesignweek.sk\/en\/wp-json\/wp\/v2\/users\/2"}],"replies":[{"embeddable":true,"href":"https:\/\/www.bratislavadesignweek.sk\/en\/wp-json\/wp\/v2\/comments?post=17105"}],"version-history":[{"count":1,"href":"https:\/\/www.bratislavadesignweek.sk\/en\/wp-json\/wp\/v2\/posts\/17105\/revisions"}],"predecessor-version":[{"id":17109,"href":"https:\/\/www.bratislavadesignweek.sk\/en\/wp-json\/wp\/v2\/posts\/17105\/revisions\/17109"}],"wp:featuredmedia":[{"embeddable":true,"href":"https:\/\/www.bratislavadesignweek.sk\/en\/wp-json\/wp\/v2\/media\/17106"}],"wp:attachment":[{"href":"https:\/\/www.bratislavadesignweek.sk\/en\/wp-json\/wp\/v2\/media?parent=17105"}],"wp:term":[{"taxonomy":"category","embeddable":true,"href":"https:\/\/www.bratislavadesignweek.sk\/en\/wp-json\/wp\/v2\/categories?post=17105"},{"taxonomy":"post_tag","embeddable":true,"href":"https:\/\/www.bratislavadesignweek.sk\/en\/wp-json\/wp\/v2\/tags?post=17105"}],"curies":[{"name":"wp","href":"https:\/\/api.w.org\/{rel}","templated":true}]}}