{"id":17173,"date":"2025-09-28T09:54:09","date_gmt":"2025-09-28T07:54:09","guid":{"rendered":"https:\/\/www.bratislavadesignweek.sk\/?p=17173"},"modified":"2025-09-28T09:54:09","modified_gmt":"2025-09-28T07:54:09","slug":"vitazka-badw25-kolekcia-karin-fergelova","status":"publish","type":"post","link":"https:\/\/www.bratislavadesignweek.sk\/en\/vitazka-badw25-kolekcia-karin-fergelova\/","title":{"rendered":"Winner of BADW25 Collection - Karin Fergelov\u00e1"},"content":{"rendered":"<p><strong>KOLEKCIA BADW 2025<\/strong><\/p>\n\n\n\n<p><strong>Karin Fergelov\u00e1<br><\/strong>&nbsp;@karin.fergel<br>&nbsp;<em>\u0161xvxh (\u0161\u00edrka \u00d7 v\u00fd\u0161ka \u00d7 h\u013abka)<br><\/em>&nbsp;2024 \u2013 2025<\/p>\n\n\n\n<p>Porcel\u00e1nov\u00e1 kolekcia <em>\u0161xvxh<\/em> sk\u00fama premeny textiln\u00e9ho strihu na porcel\u00e1nov\u00fd objekt. Ka\u017ed\u00fd kus nesie vlastn\u00fd koncept, no v\u0161etky sp\u00e1ja technologick\u00fd proces citlivo prisp\u00f4soben\u00fd my\u0161lienke, funkcii a estetike konkr\u00e9tneho diela. V\u00fdsledkom je s\u00e9ria objektov vznikaj\u00facich na pomedz\u00ed dizajnu a autorskej intu\u00edcie, ktor\u00e9 steles\u0148uj\u00fa jemnos\u0165, symboliku a osobn\u00e9 pr\u00edbehy autorky.<\/p>\n\n\n\n<p>The porcelain collection <em>\u0161xvxh<\/em> explores the transformation of textile patterns into porcelain objects. Each piece carries its own concept, yet they are all united by a technological process carefully adapted to the idea, function, and aesthetics of each work. The result is a series of objects that exist between design and personal intuition, embodying subtlety, symbolism, and the author\u2019s intimate narratives.<\/p>\n\n\n\n<figure class=\"wp-block-gallery has-nested-images columns-default is-cropped wp-block-gallery-1 is-layout-flex wp-block-gallery-is-layout-flex\">\n<figure class=\"wp-block-image size-large\"><a href=\"https:\/\/www.bratislavadesignweek.sk\/wp-content\/uploads\/2025\/09\/vitazi_IGkuratorsky-copy-33@2x.png\"><img fetchpriority=\"high\" decoding=\"async\" width=\"819\" height=\"1024\" data-id=\"17174\" src=\"https:\/\/www.bratislavadesignweek.sk\/wp-content\/uploads\/2025\/09\/vitazi_IGkuratorsky-copy-33@2x-819x1024.png\" alt=\"\" class=\"wp-image-17174\" srcset=\"https:\/\/www.bratislavadesignweek.sk\/wp-content\/uploads\/2025\/09\/vitazi_IGkuratorsky-copy-33@2x-819x1024.png 819w, https:\/\/www.bratislavadesignweek.sk\/wp-content\/uploads\/2025\/09\/vitazi_IGkuratorsky-copy-33@2x-240x300.png 240w, https:\/\/www.bratislavadesignweek.sk\/wp-content\/uploads\/2025\/09\/vitazi_IGkuratorsky-copy-33@2x-768x960.png 768w, https:\/\/www.bratislavadesignweek.sk\/wp-content\/uploads\/2025\/09\/vitazi_IGkuratorsky-copy-33@2x-1229x1536.png 1229w, https:\/\/www.bratislavadesignweek.sk\/wp-content\/uploads\/2025\/09\/vitazi_IGkuratorsky-copy-33@2x-1639x2048.png 1639w, https:\/\/www.bratislavadesignweek.sk\/wp-content\/uploads\/2025\/09\/vitazi_IGkuratorsky-copy-33@2x-10x12.png 10w\" sizes=\"(max-width: 819px) 100vw, 819px\" \/><\/a><\/figure>\n<\/figure>","protected":false},"excerpt":{"rendered":"<p>KOLEKCIA BADW 2025 Karin Fergelov\u00e1&nbsp;@karin.fergel&nbsp;\u0161xvxh (\u0161\u00edrka \u00d7 v\u00fd\u0161ka \u00d7 h\u013abka)&nbsp;2024 \u2013 2025 Porcel\u00e1nov\u00e1 kolekcia \u0161xvxh sk\u00fama premeny textiln\u00e9ho strihu na porcel\u00e1nov\u00fd objekt. Ka\u017ed\u00fd kus nesie vlastn\u00fd koncept, no v\u0161etky sp\u00e1ja technologick\u00fd proces citlivo prisp\u00f4soben\u00fd my\u0161lienke, funkcii a estetike konkr\u00e9tneho diela. V\u00fdsledkom je s\u00e9ria objektov vznikaj\u00facich na pomedz\u00ed dizajnu a autorskej intu\u00edcie, ktor\u00e9 steles\u0148uj\u00fa jemnos\u0165, symboliku [&hellip;]<\/p>","protected":false},"author":2,"featured_media":17175,"comment_status":"closed","ping_status":"closed","sticky":false,"template":"","format":"standard","meta":{"footnotes":""},"categories":[900,786],"tags":[],"_links":{"self":[{"href":"https:\/\/www.bratislavadesignweek.sk\/en\/wp-json\/wp\/v2\/posts\/17173"}],"collection":[{"href":"https:\/\/www.bratislavadesignweek.sk\/en\/wp-json\/wp\/v2\/posts"}],"about":[{"href":"https:\/\/www.bratislavadesignweek.sk\/en\/wp-json\/wp\/v2\/types\/post"}],"author":[{"embeddable":true,"href":"https:\/\/www.bratislavadesignweek.sk\/en\/wp-json\/wp\/v2\/users\/2"}],"replies":[{"embeddable":true,"href":"https:\/\/www.bratislavadesignweek.sk\/en\/wp-json\/wp\/v2\/comments?post=17173"}],"version-history":[{"count":1,"href":"https:\/\/www.bratislavadesignweek.sk\/en\/wp-json\/wp\/v2\/posts\/17173\/revisions"}],"predecessor-version":[{"id":17178,"href":"https:\/\/www.bratislavadesignweek.sk\/en\/wp-json\/wp\/v2\/posts\/17173\/revisions\/17178"}],"wp:featuredmedia":[{"embeddable":true,"href":"https:\/\/www.bratislavadesignweek.sk\/en\/wp-json\/wp\/v2\/media\/17175"}],"wp:attachment":[{"href":"https:\/\/www.bratislavadesignweek.sk\/en\/wp-json\/wp\/v2\/media?parent=17173"}],"wp:term":[{"taxonomy":"category","embeddable":true,"href":"https:\/\/www.bratislavadesignweek.sk\/en\/wp-json\/wp\/v2\/categories?post=17173"},{"taxonomy":"post_tag","embeddable":true,"href":"https:\/\/www.bratislavadesignweek.sk\/en\/wp-json\/wp\/v2\/tags?post=17173"}],"curies":[{"name":"wp","href":"https:\/\/api.w.org\/{rel}","templated":true}]}}