{"id":2020,"date":"2013-09-10T23:47:35","date_gmt":"2013-09-10T22:47:35","guid":{"rendered":"http:\/\/www.bratislavadesignweek.sk\/?p=2020"},"modified":"2024-09-25T12:07:50","modified_gmt":"2024-09-25T10:07:50","slug":"ceramics-studio-afad-bratislava","status":"publish","type":"post","link":"https:\/\/www.bratislavadesignweek.sk\/en\/ceramics-studio-afad-bratislava\/","title":{"rendered":"Ceramics Studio, AFAD Bratislava"},"content":{"rendered":"<p>[vc_column_text pb_margin_bottom=&#8220;no&#8220; pb_border_bottom=&#8220;no&#8220; width=&#8220;1\/3&#8243; el_position=&#8220;first&#8220;]<\/p>\n<p class=\"impact-text\">Ceramics Studio, AFAD Bratislava<\/p>\n<p>&nbsp;<\/p>\n<p>Head of studio: MgA. Daniel Pir\u0161\u010d<\/p>\n<p>Assistant: Mgr. art. Mark\u00e9ta Nov\u00e1kov\u00e1<\/p>\n<p lang=\"cs-CZ\">Workshop assistant: akad. soch. Rudolf Malack\u00fd<\/p>\n<p>The presentation of the Ceramics Studio on Bratislava Design Week introduces the most recent student work, representing the current image of the studio lead by Daniel Pir\u0161\u010d. The exhibit presents the educational process in the studio, which is open to various approaches, from functional art and designing tasks, to free authored projects, objects and installations. Students work with a\u00a0wide range of ceramic and other materials and they use various classical and experimental techniques in their works. The individual approach to students is aimed at the search and finding of ones authenticlook and creativity.<\/p>\n<p>&nbsp;<\/p>\n<p>[button colour=&#8220;grey&#8220; type=&#8220;0&#8243; size=&#8220;small&#8220; link=&#8220;http:\/\/www.vsvu.sk\/&#8220; target=&#8220;_self&#8220;]www.vsvu.sk[\/button]<\/p>\n<p>[\/vc_column_text] [vc_column_text pb_margin_bottom=&#8220;no&#8220; pb_border_bottom=&#8220;no&#8220; width=&#8220;1\/2&#8243; el_position=&#8220;last&#8220;]<\/p>\n<p><a href=\"http:\/\/www.bratislavadesignweek.sk\/wp-content\/uploads\/2013\/08\/atelier-keramiky.jpg\"><img fetchpriority=\"high\" decoding=\"async\" class=\"alignnone size-full wp-image-1264\" alt=\"atelier keramiky\" src=\"http:\/\/www.bratislavadesignweek.sk\/wp-content\/uploads\/2013\/08\/atelier-keramiky.jpg\" width=\"800\" height=\"530\" srcset=\"https:\/\/www.bratislavadesignweek.sk\/wp-content\/uploads\/2013\/08\/atelier-keramiky.jpg 800w, https:\/\/www.bratislavadesignweek.sk\/wp-content\/uploads\/2013\/08\/atelier-keramiky-300x198.jpg 300w, https:\/\/www.bratislavadesignweek.sk\/wp-content\/uploads\/2013\/08\/atelier-keramiky-1x1.jpg 1w\" sizes=\"(max-width: 800px) 100vw, 800px\" \/><\/a><\/p>\n<p>[\/vc_column_text] [vc_column_text pb_margin_bottom=&#8220;no&#8220; pb_border_bottom=&#8220;no&#8220; width=&#8220;1\/3&#8243; el_position=&#8220;first last&#8220;]<\/p>\n<p>Photo: Jana Hojstri\u010dov\u00e1<\/p>\n<p>[\/vc_column_text]<\/p>","protected":false},"excerpt":{"rendered":"<p>[vc_column_text pb_margin_bottom=&#8220;no&#8220; pb_border_bottom=&#8220;no&#8220; width=&#8220;1\/3&#8243; el_position=&#8220;first&#8220;] Ceramics Studio, AFAD Bratislava &nbsp; Head of studio: MgA. Daniel Pir\u0161\u010d Assistant: Mgr. art. Mark\u00e9ta Nov\u00e1kov\u00e1 Workshop assistant: akad. soch. Rudolf Malack\u00fd The presentation of the Ceramics Studio on Bratislava Design Week introduces the most recent student work, representing the current image of the studio lead by Daniel Pir\u0161\u010d. The [&hellip;]<\/p>","protected":false},"author":5,"featured_media":0,"comment_status":"closed","ping_status":"closed","sticky":false,"template":"","format":"standard","meta":{"footnotes":""},"categories":[1],"tags":[163,162],"_links":{"self":[{"href":"https:\/\/www.bratislavadesignweek.sk\/en\/wp-json\/wp\/v2\/posts\/2020"}],"collection":[{"href":"https:\/\/www.bratislavadesignweek.sk\/en\/wp-json\/wp\/v2\/posts"}],"about":[{"href":"https:\/\/www.bratislavadesignweek.sk\/en\/wp-json\/wp\/v2\/types\/post"}],"author":[{"embeddable":true,"href":"https:\/\/www.bratislavadesignweek.sk\/en\/wp-json\/wp\/v2\/users\/5"}],"replies":[{"embeddable":true,"href":"https:\/\/www.bratislavadesignweek.sk\/en\/wp-json\/wp\/v2\/comments?post=2020"}],"version-history":[{"count":2,"href":"https:\/\/www.bratislavadesignweek.sk\/en\/wp-json\/wp\/v2\/posts\/2020\/revisions"}],"predecessor-version":[{"id":2022,"href":"https:\/\/www.bratislavadesignweek.sk\/en\/wp-json\/wp\/v2\/posts\/2020\/revisions\/2022"}],"wp:attachment":[{"href":"https:\/\/www.bratislavadesignweek.sk\/en\/wp-json\/wp\/v2\/media?parent=2020"}],"wp:term":[{"taxonomy":"category","embeddable":true,"href":"https:\/\/www.bratislavadesignweek.sk\/en\/wp-json\/wp\/v2\/categories?post=2020"},{"taxonomy":"post_tag","embeddable":true,"href":"https:\/\/www.bratislavadesignweek.sk\/en\/wp-json\/wp\/v2\/tags?post=2020"}],"curies":[{"name":"wp","href":"https:\/\/api.w.org\/{rel}","templated":true}]}}