{"id":2165,"date":"2013-09-12T16:24:46","date_gmt":"2013-09-12T15:24:46","guid":{"rendered":"http:\/\/www.bratislavadesignweek.sk\/?p=2165"},"modified":"2024-09-25T12:07:50","modified_gmt":"2024-09-25T10:07:50","slug":"trivjednom-present-emil-drliciak_mr-zero","status":"publish","type":"post","link":"https:\/\/www.bratislavadesignweek.sk\/en\/trivjednom-present-emil-drliciak_mr-zero\/","title":{"rendered":"Trivjednom present: Emil Drli\u010diak_Mr.Zero"},"content":{"rendered":"<p>[vc_column_text pb_margin_bottom=&#8220;no&#8220; pb_border_bottom=&#8220;no&#8220; width=&#8220;1\/3&#8243; el_position=&#8220;first&#8220;]<\/p>\n<p class=\"impact-text\">Trivjednom present: Emil Drli\u010diak_Mr.Zero<\/p>\n<p>&nbsp;<\/p>\n<p>Emil Drli\u010diak, born on the 17<sup>th<\/sup> of May 1973 in \u017dilina. He studied graphical design under professor Longauer at the Academy of Fine Arts in Bratislava. He attended internships on \u00c9cole de Beaux-Arts, Saint Etienne in France and the Akademija za Likovno in Umetnost in Ljubljana. He led the graphical design studio III at AFAD in Bratislava from 1999 to 2001. Since 1997 he is a successful scenographer, artistic costumer and a poster designer, for theaters in Slovakia and Czech Republic. He is an author of the visual outlook of books and catalogues, e.g. Macbeth, Immanuel Kant, Divadeln\u00e1 Nitra 2005, Oskar \u010cepl\u00e1n prize 2001-2005. He created emblems for the Nation\u2019s Memory Institute, Istrobanka, Tren\u010d\u00edn city, Slovak Design Centre, and many more. His creations are displayed in the Slovak National Gallery, in the Museum of\u00a0Decorative Arts in\u00a0Prague and in private collections.<\/p>\n<p>&nbsp;<\/p>\n<p>An exhibition of Emil Dril\u010diak is here! Featured on Bratislava Design Week and presented by studio trivjednom in their spaces on Pra\u017esk\u00e1 11.<\/p>\n<p>\u201cAn interview with Emil is an experience, which we cannot promise, but we will try to mediate it through a part of his extensive archive.\u201d<\/p>\n<p>&nbsp;<\/p>\n<p>[\/vc_column_text] [vc_column_text pb_margin_bottom=&#8220;no&#8220; pb_border_bottom=&#8220;no&#8220; width=&#8220;1\/2&#8243; el_position=&#8220;last&#8220;]<\/p>\n<p><a href=\"http:\/\/www.bratislavadesignweek.sk\/wp-content\/uploads\/2013\/09\/emil1.jpg\"><img fetchpriority=\"high\" decoding=\"async\" class=\"alignnone size-full wp-image-2149\" alt=\"emil\" src=\"http:\/\/www.bratislavadesignweek.sk\/wp-content\/uploads\/2013\/09\/emil1.jpg\" width=\"800\" height=\"600\" srcset=\"https:\/\/www.bratislavadesignweek.sk\/wp-content\/uploads\/2013\/09\/emil1.jpg 800w, https:\/\/www.bratislavadesignweek.sk\/wp-content\/uploads\/2013\/09\/emil1-300x225.jpg 300w, https:\/\/www.bratislavadesignweek.sk\/wp-content\/uploads\/2013\/09\/emil1-94x70.jpg 94w, https:\/\/www.bratislavadesignweek.sk\/wp-content\/uploads\/2013\/09\/emil1-600x450.jpg 600w, https:\/\/www.bratislavadesignweek.sk\/wp-content\/uploads\/2013\/09\/emil1-1x1.jpg 1w\" sizes=\"(max-width: 800px) 100vw, 800px\" \/><\/a><\/p>\n<p>[\/vc_column_text]<\/p>","protected":false},"excerpt":{"rendered":"<p>[vc_column_text pb_margin_bottom=&#8220;no&#8220; pb_border_bottom=&#8220;no&#8220; width=&#8220;1\/3&#8243; el_position=&#8220;first&#8220;] Trivjednom present: Emil Drli\u010diak_Mr.Zero &nbsp; Emil Drli\u010diak, born on the 17th of May 1973 in \u017dilina. He studied graphical design under professor Longauer at the Academy of Fine Arts in Bratislava. He attended internships on \u00c9cole de Beaux-Arts, Saint Etienne in France and the Akademija za Likovno in Umetnost in [&hellip;]<\/p>","protected":false},"author":5,"featured_media":0,"comment_status":"closed","ping_status":"closed","sticky":false,"template":"","format":"standard","meta":{"footnotes":""},"categories":[1],"tags":[194],"_links":{"self":[{"href":"https:\/\/www.bratislavadesignweek.sk\/en\/wp-json\/wp\/v2\/posts\/2165"}],"collection":[{"href":"https:\/\/www.bratislavadesignweek.sk\/en\/wp-json\/wp\/v2\/posts"}],"about":[{"href":"https:\/\/www.bratislavadesignweek.sk\/en\/wp-json\/wp\/v2\/types\/post"}],"author":[{"embeddable":true,"href":"https:\/\/www.bratislavadesignweek.sk\/en\/wp-json\/wp\/v2\/users\/5"}],"replies":[{"embeddable":true,"href":"https:\/\/www.bratislavadesignweek.sk\/en\/wp-json\/wp\/v2\/comments?post=2165"}],"version-history":[{"count":3,"href":"https:\/\/www.bratislavadesignweek.sk\/en\/wp-json\/wp\/v2\/posts\/2165\/revisions"}],"predecessor-version":[{"id":2168,"href":"https:\/\/www.bratislavadesignweek.sk\/en\/wp-json\/wp\/v2\/posts\/2165\/revisions\/2168"}],"wp:attachment":[{"href":"https:\/\/www.bratislavadesignweek.sk\/en\/wp-json\/wp\/v2\/media?parent=2165"}],"wp:term":[{"taxonomy":"category","embeddable":true,"href":"https:\/\/www.bratislavadesignweek.sk\/en\/wp-json\/wp\/v2\/categories?post=2165"},{"taxonomy":"post_tag","embeddable":true,"href":"https:\/\/www.bratislavadesignweek.sk\/en\/wp-json\/wp\/v2\/tags?post=2165"}],"curies":[{"name":"wp","href":"https:\/\/api.w.org\/{rel}","templated":true}]}}