{"id":2169,"date":"2013-09-12T16:30:13","date_gmt":"2013-09-12T15:30:13","guid":{"rendered":"http:\/\/www.bratislavadesignweek.sk\/?p=2169"},"modified":"2024-09-25T12:07:50","modified_gmt":"2024-09-25T10:07:50","slug":"newsstand","status":"publish","type":"post","link":"https:\/\/www.bratislavadesignweek.sk\/en\/newsstand\/","title":{"rendered":"Newsstand"},"content":{"rendered":"<p>[vc_column_text pb_margin_bottom=&#8220;no&#8220; pb_border_bottom=&#8220;no&#8220; width=&#8220;1\/3&#8243; el_position=&#8220;first&#8220;]<\/p>\n<p class=\"impact-text\">Newsstand<\/p>\n<p>&nbsp;<\/p>\n<style type=\"text\/css\"><!--\n@page { margin: 0.79in }\n\t\tP { margin-bottom: 0.08in }\n--><\/style>\n<p>A temporary transformation of an abandoned newsstand on the public transport hub (\u0160ancov\u00e1 station) into an informative-cultural booth.<\/p>\n<p>For the duration of Bratislava Design Week, a former newsstand situated on the junction of \u0160ancov\u00e1 st. and Karpatsk\u00e1 st. will change into a\u00a0public platform for the process of everyday design. Cooperating citizens\u2019 associations Local Art and Vn\u00fatroblok will experiment with the potential of a space, which will be transformed within a week from an unused object into an informative booth, bistro, gallery, photo studio, reading room, or a street hairdresser. Drop by and have some cake and coffee, have a haircut on the next day, or get a picture taken. Come talk to us about this part of town and how you perceive it, mark what you like here on a map, or listen to presentations about the local initiatives. The neglected and dirty newsstand will be reopened by Local Art and Vn\u00fatroblok in cooperation with OZ Vagus and the people without a home.<\/p>\n<p>&nbsp;<\/p>\n<p>[button colour=&#8220;grey&#8220; type=&#8220;0&#8243; size=&#8220;small&#8220; link=&#8220;https:\/\/www.facebook.com\/events\/160622580805358\/&#8220; target=&#8220;_self&#8220;]www.facebook.com[\/button]<\/p>\n<p>[\/vc_column_text] [vc_column_text pb_margin_bottom=&#8220;no&#8220; pb_border_bottom=&#8220;no&#8220; width=&#8220;1\/2&#8243; el_position=&#8220;last&#8220;]<\/p>\n<p><a href=\"http:\/\/www.bratislavadesignweek.sk\/wp-content\/uploads\/2013\/09\/STANOKfinal.jpg\"><img fetchpriority=\"high\" decoding=\"async\" class=\"alignnone size-full wp-image-2140\" alt=\"STANOKfinal\" src=\"http:\/\/www.bratislavadesignweek.sk\/wp-content\/uploads\/2013\/09\/STANOKfinal.jpg\" width=\"800\" height=\"800\" srcset=\"https:\/\/www.bratislavadesignweek.sk\/wp-content\/uploads\/2013\/09\/STANOKfinal.jpg 800w, https:\/\/www.bratislavadesignweek.sk\/wp-content\/uploads\/2013\/09\/STANOKfinal-150x150.jpg 150w, https:\/\/www.bratislavadesignweek.sk\/wp-content\/uploads\/2013\/09\/STANOKfinal-300x300.jpg 300w, https:\/\/www.bratislavadesignweek.sk\/wp-content\/uploads\/2013\/09\/STANOKfinal-1x1.jpg 1w\" sizes=\"(max-width: 800px) 100vw, 800px\" \/><\/a><\/p>\n<p>[\/vc_column_text]<\/p>","protected":false},"excerpt":{"rendered":"<p>[vc_column_text pb_margin_bottom=&#8220;no&#8220; pb_border_bottom=&#8220;no&#8220; width=&#8220;1\/3&#8243; el_position=&#8220;first&#8220;] Newsstand &nbsp; A temporary transformation of an abandoned newsstand on the public transport hub (\u0160ancov\u00e1 station) into an informative-cultural booth. For the duration of Bratislava Design Week, a former newsstand situated on the junction of \u0160ancov\u00e1 st. and Karpatsk\u00e1 st. will change into a\u00a0public platform for the process of everyday [&hellip;]<\/p>","protected":false},"author":5,"featured_media":0,"comment_status":"closed","ping_status":"closed","sticky":false,"template":"","format":"standard","meta":{"footnotes":""},"categories":[1],"tags":[195],"_links":{"self":[{"href":"https:\/\/www.bratislavadesignweek.sk\/en\/wp-json\/wp\/v2\/posts\/2169"}],"collection":[{"href":"https:\/\/www.bratislavadesignweek.sk\/en\/wp-json\/wp\/v2\/posts"}],"about":[{"href":"https:\/\/www.bratislavadesignweek.sk\/en\/wp-json\/wp\/v2\/types\/post"}],"author":[{"embeddable":true,"href":"https:\/\/www.bratislavadesignweek.sk\/en\/wp-json\/wp\/v2\/users\/5"}],"replies":[{"embeddable":true,"href":"https:\/\/www.bratislavadesignweek.sk\/en\/wp-json\/wp\/v2\/comments?post=2169"}],"version-history":[{"count":2,"href":"https:\/\/www.bratislavadesignweek.sk\/en\/wp-json\/wp\/v2\/posts\/2169\/revisions"}],"predecessor-version":[{"id":2171,"href":"https:\/\/www.bratislavadesignweek.sk\/en\/wp-json\/wp\/v2\/posts\/2169\/revisions\/2171"}],"wp:attachment":[{"href":"https:\/\/www.bratislavadesignweek.sk\/en\/wp-json\/wp\/v2\/media?parent=2169"}],"wp:term":[{"taxonomy":"category","embeddable":true,"href":"https:\/\/www.bratislavadesignweek.sk\/en\/wp-json\/wp\/v2\/categories?post=2169"},{"taxonomy":"post_tag","embeddable":true,"href":"https:\/\/www.bratislavadesignweek.sk\/en\/wp-json\/wp\/v2\/tags?post=2169"}],"curies":[{"name":"wp","href":"https:\/\/api.w.org\/{rel}","templated":true}]}}