{"id":2198,"date":"2013-09-12T22:49:07","date_gmt":"2013-09-12T21:49:07","guid":{"rendered":"http:\/\/www.bratislavadesignweek.sk\/?p=2198"},"modified":"2024-09-25T12:07:50","modified_gmt":"2024-09-25T10:07:50","slug":"mind-the-gap-2","status":"publish","type":"post","link":"https:\/\/www.bratislavadesignweek.sk\/en\/mind-the-gap-2\/","title":{"rendered":"Mind the Gap!"},"content":{"rendered":"<p>[vc_column_text pb_margin_bottom=&#8220;no&#8220; pb_border_bottom=&#8220;no&#8220; width=&#8220;1\/3&#8243; el_position=&#8220;first&#8220;]<\/p>\n<p class=\"impact-text\">Mind the Gap!<\/p>\n<p>&nbsp;<\/p>\n<p>During the festival, we invite you to a practical and informal conference for designers, entrepreneurs and for the creative! One of our guests, Gergely B\u00f6sz\u00f6rm\u00e9nyi-Nagy from the Hungarian non-profit organization Design Termin\u00e1l, will unveil a story of building the \u201cstrongest ecosystem in central Europe\u201d and also answer the question if a government can meaningfully support a connection between industry and design. Other speakers include: Marketing expert Peter \u0160ebo, Martin Guttman from the well-known Slovakian company Tuli, or Tom\u00e1\u0161 Nagy from the renowned graphics and design studio plus421. Join us and find out more about the designer\u2019s international cooperation and about possibilities of combining industry with design. The conference is held by Denamit, an independent group of designers and artists, found to support and present Slovakian design and useful art.<\/p>\n<p>&nbsp;<\/p>\n<p>[button colour=&#8220;grey&#8220; type=&#8220;0&#8243; size=&#8220;small&#8220; link=&#8220;http:\/\/denamit.sk\/projekt\/mind-the-gap&#8220; target=&#8220;_self&#8220;]denamit.sk[\/button]<\/p>\n<p>[\/vc_column_text] [vc_column_text pb_margin_bottom=&#8220;no&#8220; pb_border_bottom=&#8220;no&#8220; width=&#8220;1\/2&#8243; el_position=&#8220;last&#8220;]<\/p>\n<p><a href=\"http:\/\/www.bratislavadesignweek.sk\/wp-content\/uploads\/2013\/09\/logo-Mind-the-Gap.jpg\"><img fetchpriority=\"high\" decoding=\"async\" class=\"alignnone size-full wp-image-1785\" alt=\"logo Mind the Gap\" src=\"http:\/\/www.bratislavadesignweek.sk\/wp-content\/uploads\/2013\/09\/logo-Mind-the-Gap.jpg\" width=\"525\" height=\"368\" srcset=\"https:\/\/www.bratislavadesignweek.sk\/wp-content\/uploads\/2013\/09\/logo-Mind-the-Gap.jpg 525w, https:\/\/www.bratislavadesignweek.sk\/wp-content\/uploads\/2013\/09\/logo-Mind-the-Gap-300x210.jpg 300w, https:\/\/www.bratislavadesignweek.sk\/wp-content\/uploads\/2013\/09\/logo-Mind-the-Gap-1x1.jpg 1w\" sizes=\"(max-width: 525px) 100vw, 525px\" \/><\/a><\/p>\n<p>[\/vc_column_text]<\/p>","protected":false},"excerpt":{"rendered":"<p>[vc_column_text pb_margin_bottom=&#8220;no&#8220; pb_border_bottom=&#8220;no&#8220; width=&#8220;1\/3&#8243; el_position=&#8220;first&#8220;] Mind the Gap! &nbsp; During the festival, we invite you to a practical and informal conference for designers, entrepreneurs and for the creative! One of our guests, Gergely B\u00f6sz\u00f6rm\u00e9nyi-Nagy from the Hungarian non-profit organization Design Termin\u00e1l, will unveil a story of building the \u201cstrongest ecosystem in central Europe\u201d and also [&hellip;]<\/p>","protected":false},"author":5,"featured_media":0,"comment_status":"closed","ping_status":"closed","sticky":false,"template":"","format":"standard","meta":{"footnotes":""},"categories":[1],"tags":[204],"_links":{"self":[{"href":"https:\/\/www.bratislavadesignweek.sk\/en\/wp-json\/wp\/v2\/posts\/2198"}],"collection":[{"href":"https:\/\/www.bratislavadesignweek.sk\/en\/wp-json\/wp\/v2\/posts"}],"about":[{"href":"https:\/\/www.bratislavadesignweek.sk\/en\/wp-json\/wp\/v2\/types\/post"}],"author":[{"embeddable":true,"href":"https:\/\/www.bratislavadesignweek.sk\/en\/wp-json\/wp\/v2\/users\/5"}],"replies":[{"embeddable":true,"href":"https:\/\/www.bratislavadesignweek.sk\/en\/wp-json\/wp\/v2\/comments?post=2198"}],"version-history":[{"count":1,"href":"https:\/\/www.bratislavadesignweek.sk\/en\/wp-json\/wp\/v2\/posts\/2198\/revisions"}],"predecessor-version":[{"id":2199,"href":"https:\/\/www.bratislavadesignweek.sk\/en\/wp-json\/wp\/v2\/posts\/2198\/revisions\/2199"}],"wp:attachment":[{"href":"https:\/\/www.bratislavadesignweek.sk\/en\/wp-json\/wp\/v2\/media?parent=2198"}],"wp:term":[{"taxonomy":"category","embeddable":true,"href":"https:\/\/www.bratislavadesignweek.sk\/en\/wp-json\/wp\/v2\/categories?post=2198"},{"taxonomy":"post_tag","embeddable":true,"href":"https:\/\/www.bratislavadesignweek.sk\/en\/wp-json\/wp\/v2\/tags?post=2198"}],"curies":[{"name":"wp","href":"https:\/\/api.w.org\/{rel}","templated":true}]}}