{"id":3021,"date":"2014-08-15T22:32:13","date_gmt":"2014-08-15T21:32:13","guid":{"rendered":"http:\/\/www.bratislavadesignweek.sk\/?p=3021"},"modified":"2024-09-25T12:10:39","modified_gmt":"2024-09-25T10:10:39","slug":"deform-formation-cz-on-badw","status":"publish","type":"post","link":"https:\/\/www.bratislavadesignweek.sk\/en\/deform-formation-cz-on-badw\/","title":{"rendered":"deForm Formation (CZ) on BaDW"},"content":{"rendered":"<p>[vc_column_text pb_margin_bottom=&#8220;no&#8220; pb_border_bottom=&#8220;no&#8220; width=&#8220;1\/3&#8243; el_position=&#8220;first&#8220;]<\/p>\n<p class=\"impact-text\">deForm<\/p>\n<p>&nbsp;<\/p>\n<p style=\"color: #434143;\">Last year they were awarded in the Czech Grand Design and also granted an award of ELLE DECOR &#8211; &#8222;Young Talent&#8220; 2013. The Czechoslovakian designer duo called deForm was founded in 2011 by\u00a0Jakub Poll\u00e1g and V\u00e1clav Mlyn\u00e1\u0159\u00a0during their studies at the Prague Academy of Applied Arts. They are focusing on product design, furniture, interior design, design of exhibitions and advertising. They like challenges and are testing the untested. They try to keep the balance between commercial order and an independent creative approach. The goal is adding value. deForm exhibited, for example, on the Designblok 2013 &#8211; within Talent Card and on the Salone di Mobile Milan 2013 within prestigious Rossana Orlandi Gallery. Last time they brought 10 tons of ice on Vaclav&#8217;s square to instal the advertisement for NIKE. It suggests that their implementation is juicy, with a good punch line, well controlled in shape and surprising. Bratislava Design Week will present them within the\u00a0 BaDW Future selection.<\/p>\n<p>&nbsp;<\/p>\n<p>[button colour=&#8220;grey&#8220; type=&#8220;0&#8243; size=&#8220;small&#8220; link=&#8220;http:\/\/www.studiodeform.com\/&#8220; target=&#8220;_self&#8220;]www.studiodeform.com[\/button]<\/p>\n<p>[\/vc_column_text] [vc_column_text pb_margin_bottom=&#8220;no&#8220; pb_border_bottom=&#8220;no&#8220; width=&#8220;1\/2&#8243; el_position=&#8220;last&#8220;]<\/p>\n<p><a href=\"http:\/\/www.bratislavadesignweek.sk\/wp-content\/uploads\/2014\/05\/deFORM-foto_LN.jpg\"><img fetchpriority=\"high\" decoding=\"async\" class=\"alignnone size-full wp-image-2662\" src=\"http:\/\/www.bratislavadesignweek.sk\/wp-content\/uploads\/2014\/05\/deFORM-foto_LN.jpg\" alt=\"deFORM-foto_LN\" width=\"670\" height=\"502\" srcset=\"https:\/\/www.bratislavadesignweek.sk\/wp-content\/uploads\/2014\/05\/deFORM-foto_LN.jpg 670w, https:\/\/www.bratislavadesignweek.sk\/wp-content\/uploads\/2014\/05\/deFORM-foto_LN-300x224.jpg 300w, https:\/\/www.bratislavadesignweek.sk\/wp-content\/uploads\/2014\/05\/deFORM-foto_LN-94x70.jpg 94w, https:\/\/www.bratislavadesignweek.sk\/wp-content\/uploads\/2014\/05\/deFORM-foto_LN-600x450.jpg 600w\" sizes=\"(max-width: 670px) 100vw, 670px\" \/><\/a><a href=\"http:\/\/www.bratislavadesignweek.sk\/wp-content\/uploads\/2014\/05\/20140130-MAISON-slide-FJPK-articleLarge.jpg\"><img decoding=\"async\" class=\"alignnone size-full wp-image-2663\" src=\"http:\/\/www.bratislavadesignweek.sk\/wp-content\/uploads\/2014\/05\/20140130-MAISON-slide-FJPK-articleLarge.jpg\" alt=\"20140130-MAISON-slide-FJPK-articleLarge\" width=\"600\" height=\"481\" srcset=\"https:\/\/www.bratislavadesignweek.sk\/wp-content\/uploads\/2014\/05\/20140130-MAISON-slide-FJPK-articleLarge.jpg 600w, https:\/\/www.bratislavadesignweek.sk\/wp-content\/uploads\/2014\/05\/20140130-MAISON-slide-FJPK-articleLarge-300x240.jpg 300w\" sizes=\"(max-width: 600px) 100vw, 600px\" \/><\/a><\/p>\n<p>&nbsp;<\/p>\n<p>[\/vc_column_text]<\/p>","protected":false},"excerpt":{"rendered":"<p>[vc_column_text pb_margin_bottom=&#8220;no&#8220; pb_border_bottom=&#8220;no&#8220; width=&#8220;1\/3&#8243; el_position=&#8220;first&#8220;] deForm &nbsp; Last year they were awarded in the Czech Grand Design and also granted an award of ELLE DECOR &#8211; &#8222;Young Talent&#8220; 2013. The Czechoslovakian designer duo called deForm was founded in 2011 by\u00a0Jakub Poll\u00e1g and V\u00e1clav Mlyn\u00e1\u0159\u00a0during their studies at the Prague Academy of Applied Arts. They are [&hellip;]<\/p>","protected":false},"author":5,"featured_media":0,"comment_status":"closed","ping_status":"closed","sticky":false,"template":"","format":"standard","meta":{"footnotes":""},"categories":[309],"tags":[331,332,333],"_links":{"self":[{"href":"https:\/\/www.bratislavadesignweek.sk\/en\/wp-json\/wp\/v2\/posts\/3021"}],"collection":[{"href":"https:\/\/www.bratislavadesignweek.sk\/en\/wp-json\/wp\/v2\/posts"}],"about":[{"href":"https:\/\/www.bratislavadesignweek.sk\/en\/wp-json\/wp\/v2\/types\/post"}],"author":[{"embeddable":true,"href":"https:\/\/www.bratislavadesignweek.sk\/en\/wp-json\/wp\/v2\/users\/5"}],"replies":[{"embeddable":true,"href":"https:\/\/www.bratislavadesignweek.sk\/en\/wp-json\/wp\/v2\/comments?post=3021"}],"version-history":[{"count":3,"href":"https:\/\/www.bratislavadesignweek.sk\/en\/wp-json\/wp\/v2\/posts\/3021\/revisions"}],"predecessor-version":[{"id":3026,"href":"https:\/\/www.bratislavadesignweek.sk\/en\/wp-json\/wp\/v2\/posts\/3021\/revisions\/3026"}],"wp:attachment":[{"href":"https:\/\/www.bratislavadesignweek.sk\/en\/wp-json\/wp\/v2\/media?parent=3021"}],"wp:term":[{"taxonomy":"category","embeddable":true,"href":"https:\/\/www.bratislavadesignweek.sk\/en\/wp-json\/wp\/v2\/categories?post=3021"},{"taxonomy":"post_tag","embeddable":true,"href":"https:\/\/www.bratislavadesignweek.sk\/en\/wp-json\/wp\/v2\/tags?post=3021"}],"curies":[{"name":"wp","href":"https:\/\/api.w.org\/{rel}","templated":true}]}}