{"id":3361,"date":"2014-09-05T10:28:14","date_gmt":"2014-09-05T09:28:14","guid":{"rendered":"http:\/\/www.bratislavadesignweek.sk\/?p=3361"},"modified":"2024-09-25T12:11:07","modified_gmt":"2024-09-25T10:11:07","slug":"uluv-design-studio-bratislava","status":"publish","type":"post","link":"https:\/\/www.bratislavadesignweek.sk\/en\/uluv-design-studio-bratislava\/","title":{"rendered":"\u00da\u013dUV Design Studio Bratislava"},"content":{"rendered":"<p>[vc_column_text pb_margin_bottom=&#8220;no&#8220; pb_border_bottom=&#8220;no&#8220; width=&#8220;1\/3&#8243; el_position=&#8220;first&#8220;]<\/p>\n<p class=\"impact-text\">\u00da\u013dUV Design Studio Bratislava<\/p>\n<p>&nbsp;<\/p>\n<p>In Zuzana \u0160indl\u00edkova's curators choice, the \u00da\u013dUV Design Studio will present works by students from the he School of Applied Arts of Josef Vydra in Bratislava, from the 17.9. 2014 until the 10.1.2015. The theme is blueprint and its transformation to contemporary design. The exhibition entitled Blue Blues(s) is just one of many happenings prepared by \u00da\u013dUV in 2014 within a project aimed at blueprint. Participating on the exhibition in the \u00da\u013dUV Design Studio are the Department of Textile hand-processing in arts and the Department of Design and Shaping of Wood. The visitors will be able to see how the students coped with this traditional technique in a variety of works - the exhibition will present blueprint forms, fabrics, pattern proposals, but also finished products like blueprint bags, clothes, pillows, a notebook case or tablet.<\/p>\n<p>&nbsp;<\/p>\n<p>[button colour=\"grey\" type=\"0\u2033 size=\"small\" link=\"http:\/\/www.uluv.sk\/\" target=\"_self\"]www.uluv.sk[\/button]<\/p>\n<p>&nbsp;<\/p>\n<p>V. Muchov\u00e1 (Department of Textile hand-processing in arts). Photo: \u0160\u00daV J. Vydru archive<\/p>\n<p>[\/vc_column_text] [vc_column_text pb_margin_bottom=&#8220;no&#8220; pb_border_bottom=&#8220;no&#8220; width=&#8220;1\/2&#8243; el_position=&#8220;last&#8220;]<\/p>\n<p><a href=\"http:\/\/www.bratislavadesignweek.sk\/wp-content\/uploads\/2014\/09\/uluv.jpg\"><img fetchpriority=\"high\" decoding=\"async\" class=\"alignnone size-full wp-image-3359\" src=\"http:\/\/www.bratislavadesignweek.sk\/wp-content\/uploads\/2014\/09\/uluv.jpg\" alt=\"uluv\" width=\"562\" height=\"800\" \/><\/a><\/p>\n<p>&nbsp;<\/p>\n<p>[\/vc_column_text]<\/p>","protected":false},"excerpt":{"rendered":"<p>[vc_column_text pb_margin_bottom=&#8220;no&#8220; pb_border_bottom=&#8220;no&#8220; width=&#8220;1\/3&#8243; el_position=&#8220;first&#8220;] \u00da\u013dUV Design Studio Bratislava &nbsp; In Zuzana \u0160indl\u00edkova\u2019s curators choice, the \u00da\u013dUV Design Studio will present works by students from the he School of Applied Arts of Josef Vydra in Bratislava, from the 17.9. 2014 until the 10.1.2015. The theme is blueprint and its transformation to contemporary design. The exhibition [&hellip;]<\/p>","protected":false},"author":5,"featured_media":0,"comment_status":"closed","ping_status":"closed","sticky":false,"template":"","format":"standard","meta":{"footnotes":""},"categories":[1,309],"tags":[400],"_links":{"self":[{"href":"https:\/\/www.bratislavadesignweek.sk\/en\/wp-json\/wp\/v2\/posts\/3361"}],"collection":[{"href":"https:\/\/www.bratislavadesignweek.sk\/en\/wp-json\/wp\/v2\/posts"}],"about":[{"href":"https:\/\/www.bratislavadesignweek.sk\/en\/wp-json\/wp\/v2\/types\/post"}],"author":[{"embeddable":true,"href":"https:\/\/www.bratislavadesignweek.sk\/en\/wp-json\/wp\/v2\/users\/5"}],"replies":[{"embeddable":true,"href":"https:\/\/www.bratislavadesignweek.sk\/en\/wp-json\/wp\/v2\/comments?post=3361"}],"version-history":[{"count":2,"href":"https:\/\/www.bratislavadesignweek.sk\/en\/wp-json\/wp\/v2\/posts\/3361\/revisions"}],"predecessor-version":[{"id":3401,"href":"https:\/\/www.bratislavadesignweek.sk\/en\/wp-json\/wp\/v2\/posts\/3361\/revisions\/3401"}],"wp:attachment":[{"href":"https:\/\/www.bratislavadesignweek.sk\/en\/wp-json\/wp\/v2\/media?parent=3361"}],"wp:term":[{"taxonomy":"category","embeddable":true,"href":"https:\/\/www.bratislavadesignweek.sk\/en\/wp-json\/wp\/v2\/categories?post=3361"},{"taxonomy":"post_tag","embeddable":true,"href":"https:\/\/www.bratislavadesignweek.sk\/en\/wp-json\/wp\/v2\/tags?post=3361"}],"curies":[{"name":"wp","href":"https:\/\/api.w.org\/{rel}","templated":true}]}}