{"id":3396,"date":"2014-09-05T23:51:45","date_gmt":"2014-09-05T22:51:45","guid":{"rendered":"http:\/\/www.bratislavadesignweek.sk\/?p=3396"},"modified":"2024-09-25T12:11:07","modified_gmt":"2024-09-25T10:11:07","slug":"cin-cin-gallery","status":"publish","type":"post","link":"https:\/\/www.bratislavadesignweek.sk\/en\/cin-cin-gallery\/","title":{"rendered":"Art Gallery"},"content":{"rendered":"<p>[vc_column_text pb_margin_bottom=&#8220;no&#8220; pb_border_bottom=&#8220;no&#8220; width=&#8220;1\/3&#8243; el_position=&#8220;first&#8220;]<\/p>\n<p class=\"impact-text\">Gallery \u010cin \u010cin<\/p>\n<p>&nbsp;<\/p>\n<p>The September 's exhibition of jewelry entitled \"We're doing great, thanks\" in \u010cin \u010cin Gallery, is focused on a selection from the creations of the well known jewler - Viera Brunovsk\u00e1. The presented pieces reflect her personal attitude and feelings, they are her diaries and chronicals. Constant experiments with design, emphasis on detail, and precise craftsmanship are characteristic for Brunovska's work<\/p>\n<p>\u010cin \u010cin Gallery on Podjavorinsk\u00e1 st. has profiled itself during its 4 year existence into an exhibiting space designated to presentation and sale of paintings, jewelry and graphics. The gallery is primarily focused on the contemporary Slovakian art scene.<\/p>\n<p>&nbsp;<\/p>\n<p>[button colour=\"grey\" type=\"0\u2033 size=\"small\" link=\"http:\/\/www.galeriacincin.sk\/\" target=\"_self\"]www.galeriacincin.sk[\/button]<\/p>\n<p>[\/vc_column_text] [vc_column_text pb_margin_bottom=&#8220;no&#8220; pb_border_bottom=&#8220;no&#8220; width=&#8220;1\/2&#8243; el_position=&#8220;last&#8220;]<\/p>\n<p><a href=\"http:\/\/www.bratislavadesignweek.sk\/wp-content\/uploads\/2014\/09\/cincin1.jpeg\"><img fetchpriority=\"high\" decoding=\"async\" class=\"alignnone size-full wp-image-3353\" src=\"http:\/\/www.bratislavadesignweek.sk\/wp-content\/uploads\/2014\/09\/cincin1.jpeg\" alt=\"cincin1\" width=\"515\" height=\"342\" srcset=\"https:\/\/www.bratislavadesignweek.sk\/wp-content\/uploads\/2014\/09\/cincin1.jpeg 515w, https:\/\/www.bratislavadesignweek.sk\/wp-content\/uploads\/2014\/09\/cincin1-300x199.jpeg 300w\" sizes=\"(max-width: 515px) 100vw, 515px\" \/><\/a><\/p>\n<p>&nbsp;<\/p>\n<p>[\/vc_column_text]<\/p>","protected":false},"excerpt":{"rendered":"<p>[vc_column_text pb_margin_bottom=&#8220;no&#8220; pb_border_bottom=&#8220;no&#8220; width=&#8220;1\/3&#8243; el_position=&#8220;first&#8220;] Gal\u00e9ria \u010cin \u010cin &nbsp; The September \u2019s exhibition of jewelry entitled \u201cWe\u2019re doing great, thanks\u201d in \u010cin \u010cin Gallery, is focused on a selection from the creations of the well known jewler &#8211; Viera Brunovsk\u00e1. The presented pieces reflect her personal attitude and feelings, they are her diaries and chronicals. [&hellip;]<\/p>","protected":false},"author":5,"featured_media":0,"comment_status":"closed","ping_status":"closed","sticky":false,"template":"","format":"standard","meta":{"footnotes":""},"categories":[1,309],"tags":[403],"_links":{"self":[{"href":"https:\/\/www.bratislavadesignweek.sk\/en\/wp-json\/wp\/v2\/posts\/3396"}],"collection":[{"href":"https:\/\/www.bratislavadesignweek.sk\/en\/wp-json\/wp\/v2\/posts"}],"about":[{"href":"https:\/\/www.bratislavadesignweek.sk\/en\/wp-json\/wp\/v2\/types\/post"}],"author":[{"embeddable":true,"href":"https:\/\/www.bratislavadesignweek.sk\/en\/wp-json\/wp\/v2\/users\/5"}],"replies":[{"embeddable":true,"href":"https:\/\/www.bratislavadesignweek.sk\/en\/wp-json\/wp\/v2\/comments?post=3396"}],"version-history":[{"count":1,"href":"https:\/\/www.bratislavadesignweek.sk\/en\/wp-json\/wp\/v2\/posts\/3396\/revisions"}],"predecessor-version":[{"id":3400,"href":"https:\/\/www.bratislavadesignweek.sk\/en\/wp-json\/wp\/v2\/posts\/3396\/revisions\/3400"}],"wp:attachment":[{"href":"https:\/\/www.bratislavadesignweek.sk\/en\/wp-json\/wp\/v2\/media?parent=3396"}],"wp:term":[{"taxonomy":"category","embeddable":true,"href":"https:\/\/www.bratislavadesignweek.sk\/en\/wp-json\/wp\/v2\/categories?post=3396"},{"taxonomy":"post_tag","embeddable":true,"href":"https:\/\/www.bratislavadesignweek.sk\/en\/wp-json\/wp\/v2\/tags?post=3396"}],"curies":[{"name":"wp","href":"https:\/\/api.w.org\/{rel}","templated":true}]}}