{"id":3437,"date":"2014-09-08T20:10:11","date_gmt":"2014-09-08T19:10:11","guid":{"rendered":"http:\/\/www.bratislavadesignweek.sk\/?p=3437"},"modified":"2024-09-25T12:11:06","modified_gmt":"2024-09-25T10:11:06","slug":"techo-4","status":"publish","type":"post","link":"https:\/\/www.bratislavadesignweek.sk\/en\/techo-4\/","title":{"rendered":"TECHO"},"content":{"rendered":"<p>[vc_column_text pb_margin_bottom=&#8220;no&#8220; pb_border_bottom=&#8220;no&#8220; width=&#8220;1\/3&#8243; el_position=&#8220;first&#8220;]<\/p>\n<p class=\"impact-text\">TECHO<\/p>\n<p>&nbsp;<\/p>\n<p>TECHO is one of the leading European producers and suppliers of office furniture. Since 2005 TECHO is a part of a Netherlands\u2019 furnishing group ROYAL AHREND, world\u2019s number three in the business. The furniture designers in TECHO are erudite names like Hans Verboom (Netherlands), Petr Kol\u00e1\u0159 and Ale\u0161 Lapka (ADR, CZE), Ji\u0159\u00ed Pelcl (CZE), and others. The design of TECHO products has received several international prizes, the last one being Red Dot Design Award 2010, for the office system W.O.T. The showroom of the company in Bratislava is situated in a distinct area of an industrial object from the 50\u2019s of the 20<sup>th<\/sup> century. With its specific atmosphere, it is frequently host to social and art happenings, presenting current architectural and design works of local and foreign authors.<\/p>\n<p>&nbsp;<\/p>\n<p>[button colour=&#8220;grey&#8220; type=&#8220;0&#8243; size=&#8220;small&#8220; link=&#8220;http:\/\/www.techo.com\/&#8220; target=&#8220;_self&#8220;]www.techo.com[\/button]<\/p>\n<p>[\/vc_column_text] [vc_column_text pb_margin_bottom=&#8220;no&#8220; pb_border_bottom=&#8220;no&#8220; width=&#8220;1\/2&#8243; el_position=&#8220;last&#8220;]<\/p>\n<p><a href=\"http:\/\/www.bratislavadesignweek.sk\/wp-content\/uploads\/2014\/09\/techo.jpg\"><img fetchpriority=\"high\" decoding=\"async\" class=\"alignnone size-full wp-image-3428\" src=\"http:\/\/www.bratislavadesignweek.sk\/wp-content\/uploads\/2014\/09\/techo.jpg\" alt=\"techo\" width=\"900\" height=\"599\" srcset=\"https:\/\/www.bratislavadesignweek.sk\/wp-content\/uploads\/2014\/09\/techo.jpg 900w, https:\/\/www.bratislavadesignweek.sk\/wp-content\/uploads\/2014\/09\/techo-300x199.jpg 300w\" sizes=\"(max-width: 900px) 100vw, 900px\" \/><\/a><\/p>\n<p>&nbsp;<\/p>\n<p>[\/vc_column_text]<\/p>","protected":false},"excerpt":{"rendered":"<p>[vc_column_text pb_margin_bottom=&#8220;no&#8220; pb_border_bottom=&#8220;no&#8220; width=&#8220;1\/3&#8243; el_position=&#8220;first&#8220;] TECHO &nbsp; TECHO is one of the leading European producers and suppliers of office furniture. Since 2005 TECHO is a part of a Netherlands\u2019 furnishing group ROYAL AHREND, world\u2019s number three in the business. The furniture designers in TECHO are erudite names like Hans Verboom (Netherlands), Petr Kol\u00e1\u0159 and Ale\u0161 [&hellip;]<\/p>","protected":false},"author":5,"featured_media":0,"comment_status":"closed","ping_status":"closed","sticky":false,"template":"","format":"standard","meta":{"footnotes":""},"categories":[1,309],"tags":[214],"_links":{"self":[{"href":"https:\/\/www.bratislavadesignweek.sk\/en\/wp-json\/wp\/v2\/posts\/3437"}],"collection":[{"href":"https:\/\/www.bratislavadesignweek.sk\/en\/wp-json\/wp\/v2\/posts"}],"about":[{"href":"https:\/\/www.bratislavadesignweek.sk\/en\/wp-json\/wp\/v2\/types\/post"}],"author":[{"embeddable":true,"href":"https:\/\/www.bratislavadesignweek.sk\/en\/wp-json\/wp\/v2\/users\/5"}],"replies":[{"embeddable":true,"href":"https:\/\/www.bratislavadesignweek.sk\/en\/wp-json\/wp\/v2\/comments?post=3437"}],"version-history":[{"count":1,"href":"https:\/\/www.bratislavadesignweek.sk\/en\/wp-json\/wp\/v2\/posts\/3437\/revisions"}],"predecessor-version":[{"id":3443,"href":"https:\/\/www.bratislavadesignweek.sk\/en\/wp-json\/wp\/v2\/posts\/3437\/revisions\/3443"}],"wp:attachment":[{"href":"https:\/\/www.bratislavadesignweek.sk\/en\/wp-json\/wp\/v2\/media?parent=3437"}],"wp:term":[{"taxonomy":"category","embeddable":true,"href":"https:\/\/www.bratislavadesignweek.sk\/en\/wp-json\/wp\/v2\/categories?post=3437"},{"taxonomy":"post_tag","embeddable":true,"href":"https:\/\/www.bratislavadesignweek.sk\/en\/wp-json\/wp\/v2\/tags?post=3437"}],"curies":[{"name":"wp","href":"https:\/\/api.w.org\/{rel}","templated":true}]}}