{"id":3601,"date":"2014-09-08T13:50:10","date_gmt":"2014-09-08T12:50:10","guid":{"rendered":"http:\/\/www.bratislavadesignweek.sk\/?p=3601"},"modified":"2024-09-25T12:11:07","modified_gmt":"2024-09-25T10:11:07","slug":"creative-mornings-bratislava-na-badw-2","status":"publish","type":"post","link":"https:\/\/www.bratislavadesignweek.sk\/en\/creative-mornings-bratislava-na-badw-2\/","title":{"rendered":"Creative Mornings Bratislava na BADW"},"content":{"rendered":"<p>[vc_column_text pb_margin_bottom=&#8220;no&#8220; pb_border_bottom=&#8220;no&#8220; width=&#8220;1\/3&#8243; el_position=&#8220;first&#8220;]<\/p>\n<p class=\"impact-text\">Creative Mornings Bratislava na BADW<\/p>\n<p>&nbsp;<\/p>\n<p>Celosvetov\u00fd projekt u\u017e mieri aj do Bratislavy! In\u0161pirat\u00edvni \u013eudia z domova i zo zahrani\u010dia predstavia svoje projekty v pr\u00edjemnom prostred\u00ed, s k\u00e1vi\u010dkou a zdrav\u00fdmi ra\u0148ajkami. S\u00e9riu rann\u00fdch diskusi\u00ed otvor\u00ed dizajn\u00e9r a kon\u0161trukt\u00e9r dopravn\u00fdch prostriedkov, ktor\u00fd vytvoril prototyp prv\u00e9ho slovensk\u00e9ho lietaj\u00faceho auta &#8211; Aeromob<span class=\"text_exposed_show\">ilu (zaujal aj odborn\u00edkov z NASA). Na Creative Mornings Bratislava privezie hos\u0165 \u0160tefan Klein aj svoj \u010fal\u0161\u00ed vyn\u00e1lez &#8211; elektronick\u00fa kolobe\u017eku, ktor\u00fa si bud\u00fa m\u00f4c\u0165 n\u00e1v\u0161tevn\u00edci otestova\u0165!<\/span><\/p>\n<p>\u0160tefan Klein predsadzuje n\u00e1zor, \u017ee bud\u00facnos\u0165 dopravy je v alternat\u00edvach. Rozhodol sa teda pre v\u00fdskum alternat\u00edvnych dopravn\u00fdch prostriedkov. Z jeho dielne vy\u0161li okrom Aeromobilu a elektronickej kolobe\u017eky aj motocykel z bambusu, \u010dln, vlak \u010di bager. Taktie\u017e p\u00f4sob\u00ed ako ved\u00faci ateli\u00e9ru transport dizajnu na V\u0160VU a je autorom kooper\u00e1ci\u00ed medzi v\u00fdskumn\u00fdmi projektmi medzi V\u0160VU a firmami Volkswagen, Audi, \u0160koda, BMW, Ford a Renault.<\/p>\n<p>Creative Mornings &#8211; in\u0161pirat\u00edvne rann\u00e9 predn\u00e1\u0161ky spojen\u00e9 s diskusiami, sa aktu\u00e1lne konaj\u00fa v 87-mich mest\u00e1ch v 30-tich krajin\u00e1ch sveta. Spolu u\u017e predstavili viac ako 44 000 zauj\u00edmav\u00fdch \u013eud\u00ed z r\u00f4znych oblast\u00ed. N\u00e1v\u0161tevn\u00edci maj\u00fa mo\u017enos\u0165 spozna\u0165 kreat\u00edvnych \u013eud\u00ed, nadviaza\u0165 zauj\u00edmav\u00e9 spolupr\u00e1ce \u010di u\u017e s \u013eu\u010fmi z Creative Mornings Bratislava alebo z in\u00fdch miest a kraj\u00edn prostredn\u00edctvom ofici\u00e1lnej webstr\u00e1nky.<\/p>\n<p>Vstup je vo\u013en\u00fd, je v\u0161ak potrebn\u00e9 vopred si zarezervova\u0165 miesto, kapacita priestorov je obmedzen\u00e1. Rezerv\u00e1cia je mo\u017en\u00e1 po zaregistrovan\u00ed sa na <a href=\"http:\/\/www.creativemornings.com\/\" target=\"_blank\" rel=\"nofollow noopener\">www.creativemornings.com.<\/a><\/p>\n<p>Creative Mornings Bratislava prin\u00e1\u0161a t\u00edm organiz\u00e1torov projektu Kreat\u00edvne r\u00e1no, ktor\u00e9 po\u010das svojej existencia (2011-2014) predstavilo 76 zauj\u00edmav\u00fdch \u013eud\u00ed z r\u00f4znych oblast\u00ed.<\/p>\n<p>&nbsp;<\/p>\n<p>[button colour=\"grey\" type=\"0\u2033 size=\"small\" link=\"http:\/\/creativemornings.com\/cities\/ba\" target=\"_self\"]www.creativemornings.com[\/button]<\/p>\n<p>[\/vc_column_text] [vc_column_text pb_margin_bottom=&#8220;no&#8220; pb_border_bottom=&#8220;no&#8220; width=&#8220;1\/2&#8243; el_position=&#8220;last&#8220;]<\/p>\n<p><a href=\"http:\/\/www.bratislavadesignweek.sk\/wp-content\/uploads\/2014\/09\/creative-mornings.jpg\"><img fetchpriority=\"high\" decoding=\"async\" class=\"alignnone size-large wp-image-3429\" src=\"http:\/\/www.bratislavadesignweek.sk\/wp-content\/uploads\/2014\/09\/creative-mornings-1024x378.jpg\" alt=\"creative mornings\" width=\"1024\" height=\"378\" \/><\/a><\/p>\n<p>&nbsp;<\/p>\n<p>[\/vc_column_text]<\/p>","protected":false},"excerpt":{"rendered":"<p>[vc_column_text pb_margin_bottom=&#8220;no&#8220; pb_border_bottom=&#8220;no&#8220; width=&#8220;1\/3&#8243; el_position=&#8220;first&#8220;] Creative Mornings Bratislava na BADW &nbsp; Celosvetov\u00fd projekt u\u017e mieri aj do Bratislavy! In\u0161pirat\u00edvni \u013eudia z domova i zo zahrani\u010dia predstavia svoje projekty v pr\u00edjemnom prostred\u00ed, s k\u00e1vi\u010dkou a zdrav\u00fdmi ra\u0148ajkami. S\u00e9riu rann\u00fdch diskusi\u00ed otvor\u00ed dizajn\u00e9r a kon\u0161trukt\u00e9r dopravn\u00fdch prostriedkov, ktor\u00fd vytvoril prototyp prv\u00e9ho slovensk\u00e9ho lietaj\u00faceho auta &#8211; Aeromobilu (zaujal [&hellip;]<\/p>","protected":false},"author":5,"featured_media":0,"comment_status":"closed","ping_status":"closed","sticky":false,"template":"","format":"standard","meta":{"footnotes":""},"categories":[1,309],"tags":[409],"_links":{"self":[{"href":"https:\/\/www.bratislavadesignweek.sk\/en\/wp-json\/wp\/v2\/posts\/3601"}],"collection":[{"href":"https:\/\/www.bratislavadesignweek.sk\/en\/wp-json\/wp\/v2\/posts"}],"about":[{"href":"https:\/\/www.bratislavadesignweek.sk\/en\/wp-json\/wp\/v2\/types\/post"}],"author":[{"embeddable":true,"href":"https:\/\/www.bratislavadesignweek.sk\/en\/wp-json\/wp\/v2\/users\/5"}],"replies":[{"embeddable":true,"href":"https:\/\/www.bratislavadesignweek.sk\/en\/wp-json\/wp\/v2\/comments?post=3601"}],"version-history":[{"count":3,"href":"https:\/\/www.bratislavadesignweek.sk\/en\/wp-json\/wp\/v2\/posts\/3601\/revisions"}],"predecessor-version":[{"id":14328,"href":"https:\/\/www.bratislavadesignweek.sk\/en\/wp-json\/wp\/v2\/posts\/3601\/revisions\/14328"}],"wp:attachment":[{"href":"https:\/\/www.bratislavadesignweek.sk\/en\/wp-json\/wp\/v2\/media?parent=3601"}],"wp:term":[{"taxonomy":"category","embeddable":true,"href":"https:\/\/www.bratislavadesignweek.sk\/en\/wp-json\/wp\/v2\/categories?post=3601"},{"taxonomy":"post_tag","embeddable":true,"href":"https:\/\/www.bratislavadesignweek.sk\/en\/wp-json\/wp\/v2\/tags?post=3601"}],"curies":[{"name":"wp","href":"https:\/\/api.w.org\/{rel}","templated":true}]}}