{"id":3610,"date":"2014-09-12T06:59:57","date_gmt":"2014-09-12T05:59:57","guid":{"rendered":"http:\/\/www.bratislavadesignweek.sk\/?p=3610"},"modified":"2024-09-25T12:11:06","modified_gmt":"2024-09-25T10:11:06","slug":"bjorn-jorund-blikstad","status":"publish","type":"post","link":"https:\/\/www.bratislavadesignweek.sk\/en\/bjorn-jorund-blikstad\/","title":{"rendered":"Bj\u00f8rn J\u00f8rund Blikstad"},"content":{"rendered":"<p>[vc_column_text pb_margin_bottom=&#8220;no&#8220; pb_border_bottom=&#8220;no&#8220; width=&#8220;1\/3&#8243; el_position=&#8220;first&#8220;]<\/p>\n<p class=\"impact-text\">Title<\/p>\n<p>&nbsp;<\/p>\n<p>Young Norwegian Bj\u00f8rn J\u00f8rund Blikstad is a designer, but he says he doesn't want to make things. Ime\u00fcble, the project that shot him straight from the school bench to the international stage, is on the border between design and art. The storage system, which its creator claims is \u02ba2.5 D\u02ba, is a truly magical, \u02baeye deceiving\u02ba object. At BADW you will see Bjorn and his shelving system as part of the exhibition Work is all around. Look for an upbeat, colour-pulsing piece, even if its creator says the best thing to do would be to stop making things.<\/p>\n<p>&nbsp;<\/p>\n<p>[button colour=\"grey\" type=\"0\u2033 size=\"small\" link=\"http:\/\/www.imeuble.no\/\" target=\"_self\"]www.imeuble.no[\/button]<\/p>\n<p>[\/vc_column_text] [vc_column_text pb_margin_bottom=&#8220;no&#8220; pb_border_bottom=&#8220;no&#8220; width=&#8220;1\/2&#8243; el_position=&#8220;last&#8220;]<\/p>\n<p><a href=\"http:\/\/www.bratislavadesignweek.sk\/wp-content\/uploads\/2014\/09\/Imeuble_two_13-foto-By-Corporation-AS.jpg\"><img fetchpriority=\"high\" decoding=\"async\" class=\"alignnone size-full wp-image-3611\" src=\"http:\/\/www.bratislavadesignweek.sk\/wp-content\/uploads\/2014\/09\/Imeuble_two_13-foto-By-Corporation-AS.jpg\" alt=\"Imeuble_two_13 foto By Corporation AS\" width=\"800\" height=\"534\" srcset=\"https:\/\/www.bratislavadesignweek.sk\/wp-content\/uploads\/2014\/09\/Imeuble_two_13-foto-By-Corporation-AS.jpg 800w, https:\/\/www.bratislavadesignweek.sk\/wp-content\/uploads\/2014\/09\/Imeuble_two_13-foto-By-Corporation-AS-300x200.jpg 300w\" sizes=\"(max-width: 800px) 100vw, 800px\" \/><\/a><\/p>\n<p>&nbsp;<\/p>\n<p>[\/vc_column_text]<\/p>","protected":false},"excerpt":{"rendered":"<p>[vc_column_text pb_margin_bottom=&#8220;no&#8220; pb_border_bottom=&#8220;no&#8220; width=&#8220;1\/3&#8243; el_position=&#8220;first&#8220;] Nadpis &nbsp; Mlad\u00fd N\u00f3r Bj\u00f8rn J\u00f8rund Blikstad je dizajn\u00e9r, ale tvrd\u00ed, \u017ee nechce vyr\u00e1ba\u0165 veci. Projekt Ime\u00fcble, ktor\u00fd ho vystrelil zo \u0161kolskej lavice rovno na medzin\u00e1rodn\u00fa sc\u00e9nu, je na hranici medzi dizajnom a umen\u00edm. \u00dalo\u017en\u00fd syst\u00e9m, o ktorom jeho autor tvrd\u00ed, \u017ee je to \u201e2,5 D\u02ba, je skuto\u010dne magick\u00fd, \u201eoko [&hellip;]<\/p>","protected":false},"author":5,"featured_media":0,"comment_status":"closed","ping_status":"closed","sticky":false,"template":"","format":"standard","meta":{"footnotes":""},"categories":[1,309],"tags":[424],"_links":{"self":[{"href":"https:\/\/www.bratislavadesignweek.sk\/en\/wp-json\/wp\/v2\/posts\/3610"}],"collection":[{"href":"https:\/\/www.bratislavadesignweek.sk\/en\/wp-json\/wp\/v2\/posts"}],"about":[{"href":"https:\/\/www.bratislavadesignweek.sk\/en\/wp-json\/wp\/v2\/types\/post"}],"author":[{"embeddable":true,"href":"https:\/\/www.bratislavadesignweek.sk\/en\/wp-json\/wp\/v2\/users\/5"}],"replies":[{"embeddable":true,"href":"https:\/\/www.bratislavadesignweek.sk\/en\/wp-json\/wp\/v2\/comments?post=3610"}],"version-history":[{"count":1,"href":"https:\/\/www.bratislavadesignweek.sk\/en\/wp-json\/wp\/v2\/posts\/3610\/revisions"}],"predecessor-version":[{"id":3612,"href":"https:\/\/www.bratislavadesignweek.sk\/en\/wp-json\/wp\/v2\/posts\/3610\/revisions\/3612"}],"wp:attachment":[{"href":"https:\/\/www.bratislavadesignweek.sk\/en\/wp-json\/wp\/v2\/media?parent=3610"}],"wp:term":[{"taxonomy":"category","embeddable":true,"href":"https:\/\/www.bratislavadesignweek.sk\/en\/wp-json\/wp\/v2\/categories?post=3610"},{"taxonomy":"post_tag","embeddable":true,"href":"https:\/\/www.bratislavadesignweek.sk\/en\/wp-json\/wp\/v2\/tags?post=3610"}],"curies":[{"name":"wp","href":"https:\/\/api.w.org\/{rel}","templated":true}]}}