{"id":3617,"date":"2014-09-12T07:17:10","date_gmt":"2014-09-12T06:17:10","guid":{"rendered":"http:\/\/www.bratislavadesignweek.sk\/?p=3617"},"modified":"2024-09-25T12:11:06","modified_gmt":"2024-09-25T10:11:06","slug":"bjorn-jorund-blikstad-3","status":"publish","type":"post","link":"https:\/\/www.bratislavadesignweek.sk\/en\/bjorn-jorund-blikstad-3\/","title":{"rendered":"Bj\u00f8rn J\u00f8rund Blikstad"},"content":{"rendered":"<p>[vc_column_text pb_margin_bottom=&#8220;no&#8220; pb_border_bottom=&#8220;no&#8220; width=&#8220;1\/3&#8243; el_position=&#8220;first&#8220;]<\/p>\n<p class=\"impact-text\">Bj\u00f8rn J\u00f8rund Blikstad<\/p>\n<p>&nbsp;<\/p>\n<p>Bj\u00f8rn J\u00f8rund Blikstad is a young Norwegian designer, who claims he does not want to produce things. Ime\u00fcble project, that is a boundary between design and art, carried him from school benches into the international scene. Storage system, which the author named as \"2.5 D\" is truly magical \"eye misleading \"object. During BADW you can see Bjorn and his storage system on the exhibition Work is All Around. Search optimistic, color vibrant piece.<\/p>\n<p>&nbsp;<\/p>\n<p>[button colour=\"grey\" type=\"0\u2033 size=\"small\" link=\"http:\/\/www.imeuble.no\/\" target=\"_self\"]www.imeuble.no[\/button]<\/p>\n<p>[\/vc_column_text] [vc_column_text pb_margin_bottom=&#8220;no&#8220; pb_border_bottom=&#8220;no&#8220; width=&#8220;1\/2&#8243; el_position=&#8220;last&#8220;]<\/p>\n<p><a href=\"http:\/\/www.bratislavadesignweek.sk\/wp-content\/uploads\/2014\/09\/Imeuble_two_13-foto-By-Corporation-AS.jpg\"><img fetchpriority=\"high\" decoding=\"async\" class=\"alignnone size-full wp-image-3611\" src=\"http:\/\/www.bratislavadesignweek.sk\/wp-content\/uploads\/2014\/09\/Imeuble_two_13-foto-By-Corporation-AS.jpg\" alt=\"Imeuble_two_13 foto By Corporation AS\" width=\"800\" height=\"534\" srcset=\"https:\/\/www.bratislavadesignweek.sk\/wp-content\/uploads\/2014\/09\/Imeuble_two_13-foto-By-Corporation-AS.jpg 800w, https:\/\/www.bratislavadesignweek.sk\/wp-content\/uploads\/2014\/09\/Imeuble_two_13-foto-By-Corporation-AS-300x200.jpg 300w\" sizes=\"(max-width: 800px) 100vw, 800px\" \/><\/a><\/p>\n<p>&nbsp;<\/p>\n<p>[\/vc_column_text]<\/p>","protected":false},"excerpt":{"rendered":"<p>[vc_column_text pb_margin_bottom=&#8220;no&#8220; pb_border_bottom=&#8220;no&#8220; width=&#8220;1\/3&#8243; el_position=&#8220;first&#8220;] Bj\u00f8rn J\u00f8rund Blikstad &nbsp; Bj\u00f8rn J\u00f8rund Blikstad is a young Norwegian designer, who claims he does not want to produce things. Ime\u00fcble project, that is a boundary between design and art, carried him from school benches into the international scene. Storage system, which the author named as &#8222;2.5 D&#8220; is [&hellip;]<\/p>","protected":false},"author":5,"featured_media":0,"comment_status":"closed","ping_status":"closed","sticky":false,"template":"","format":"standard","meta":{"footnotes":""},"categories":[1,309],"tags":[425],"_links":{"self":[{"href":"https:\/\/www.bratislavadesignweek.sk\/en\/wp-json\/wp\/v2\/posts\/3617"}],"collection":[{"href":"https:\/\/www.bratislavadesignweek.sk\/en\/wp-json\/wp\/v2\/posts"}],"about":[{"href":"https:\/\/www.bratislavadesignweek.sk\/en\/wp-json\/wp\/v2\/types\/post"}],"author":[{"embeddable":true,"href":"https:\/\/www.bratislavadesignweek.sk\/en\/wp-json\/wp\/v2\/users\/5"}],"replies":[{"embeddable":true,"href":"https:\/\/www.bratislavadesignweek.sk\/en\/wp-json\/wp\/v2\/comments?post=3617"}],"version-history":[{"count":3,"href":"https:\/\/www.bratislavadesignweek.sk\/en\/wp-json\/wp\/v2\/posts\/3617\/revisions"}],"predecessor-version":[{"id":3627,"href":"https:\/\/www.bratislavadesignweek.sk\/en\/wp-json\/wp\/v2\/posts\/3617\/revisions\/3627"}],"wp:attachment":[{"href":"https:\/\/www.bratislavadesignweek.sk\/en\/wp-json\/wp\/v2\/media?parent=3617"}],"wp:term":[{"taxonomy":"category","embeddable":true,"href":"https:\/\/www.bratislavadesignweek.sk\/en\/wp-json\/wp\/v2\/categories?post=3617"},{"taxonomy":"post_tag","embeddable":true,"href":"https:\/\/www.bratislavadesignweek.sk\/en\/wp-json\/wp\/v2\/tags?post=3617"}],"curies":[{"name":"wp","href":"https:\/\/api.w.org\/{rel}","templated":true}]}}