{"id":3889,"date":"2014-09-21T15:57:11","date_gmt":"2014-09-21T14:57:11","guid":{"rendered":"http:\/\/www.bratislavadesignweek.sk\/?p=3889"},"modified":"2024-09-25T12:11:06","modified_gmt":"2024-09-25T10:11:06","slug":"bauhaus-party-2","status":"publish","type":"post","link":"https:\/\/www.bratislavadesignweek.sk\/en\/bauhaus-party-2\/","title":{"rendered":"Bauhaus Party"},"content":{"rendered":"<p>[vc_column_text pb_margin_bottom=&#8220;no&#8220; pb_border_bottom=&#8220;no&#8220; width=&#8220;1\/3&#8243; el_position=&#8220;first&#8220;]<\/p>\n<p class=\"impact-text\">Bauhaus Party<\/p>\n<p class=\"impact-text\">Maro\u0161 Schmidt, M\u00e1ria Ri\u0161kov\u00e1<\/p>\n<p>&nbsp;<\/p>\n<p>&nbsp;<\/p>\n<p>Is Slovak history of design linked with German? How did products look like during the interwar, wartime and post-war period? Were we linked by shape, music or school?<\/p>\n<p>&nbsp;<\/p>\n<p>Slovak Museum of Design (SMD) in cooperation with the Goethe-Institut Bratislava invites all lovers of good design and music for Bauhaus party, on Tuesday, September 23rd, Panensk\u00e1 street no. 33, where all participants would receive the answers to all these questions. One-day exhibition of Czechoslovak, Slovak and German products from the Slovak Museum of Design collection Slovak are presenting the period between 20s and 80s years of the 20th century.<\/p>\n<p>&nbsp;<\/p>\n<p>[button colour=\"grey\" type=\"0\u2033 size=\"small\" link=\"http:\/\/www.sdc.sk\/\" target=\"_self\"]www.sdc.sk[\/button]<\/p>\n<p>[\/vc_column_text] [vc_column_text pb_margin_bottom=&#8220;no&#8220; pb_border_bottom=&#8220;no&#8220; width=&#8220;1\/2&#8243; el_position=&#8220;last&#8220;]<\/p>\n<p><a href=\"http:\/\/www.bratislavadesignweek.sk\/wp-content\/uploads\/2014\/09\/04.jpg\"><img fetchpriority=\"high\" decoding=\"async\" class=\"alignnone size-full wp-image-3795\" src=\"http:\/\/www.bratislavadesignweek.sk\/wp-content\/uploads\/2014\/09\/04.jpg\" alt=\"04\" width=\"600\" height=\"682\" srcset=\"https:\/\/www.bratislavadesignweek.sk\/wp-content\/uploads\/2014\/09\/04.jpg 600w, https:\/\/www.bratislavadesignweek.sk\/wp-content\/uploads\/2014\/09\/04-263x300.jpg 263w\" sizes=\"(max-width: 600px) 100vw, 600px\" \/><\/a><\/p>\n<p>Table blower VS13, copy of Albin Sprenger B1601962. 1966. Producer: n. p. Omnia Pohorel\u00e1.<\/p>\n<p>&nbsp;<\/p>\n<p><a href=\"http:\/\/www.bratislavadesignweek.sk\/wp-content\/uploads\/2014\/09\/06.jpg\"><img decoding=\"async\" class=\"alignnone size-full wp-image-3796\" src=\"http:\/\/www.bratislavadesignweek.sk\/wp-content\/uploads\/2014\/09\/06.jpg\" alt=\"06\" width=\"600\" height=\"400\" srcset=\"https:\/\/www.bratislavadesignweek.sk\/wp-content\/uploads\/2014\/09\/06.jpg 600w, https:\/\/www.bratislavadesignweek.sk\/wp-content\/uploads\/2014\/09\/06-300x200.jpg 300w\" sizes=\"(max-width: 600px) 100vw, 600px\" \/><\/a><\/p>\n<p>Promotional Items - Elephant ashtray and cigarette case. 1928. Producer: Cable factory \u00fa\u010d. spol. Gummon works<\/p>\n<p>&nbsp;<\/p>\n<p><a href=\"http:\/\/www.bratislavadesignweek.sk\/wp-content\/uploads\/2014\/09\/05.jpg\"><img decoding=\"async\" class=\"alignnone size-full wp-image-3799\" src=\"http:\/\/www.bratislavadesignweek.sk\/wp-content\/uploads\/2014\/09\/05.jpg\" alt=\"05\" width=\"600\" height=\"400\" srcset=\"https:\/\/www.bratislavadesignweek.sk\/wp-content\/uploads\/2014\/09\/05.jpg 600w, https:\/\/www.bratislavadesignweek.sk\/wp-content\/uploads\/2014\/09\/05-300x200.jpg 300w\" sizes=\"(max-width: 600px) 100vw, 600px\" \/><\/a><\/p>\n<p>Camera Futurit. 1938. Producer. Co. Gummon works. Design.<\/p>\n<p>&nbsp;<\/p>\n<p>[\/vc_column_text]<\/p>","protected":false},"excerpt":{"rendered":"<p>[vc_column_text pb_margin_bottom=&#8220;no&#8220; pb_border_bottom=&#8220;no&#8220; width=&#8220;1\/3&#8243; el_position=&#8220;first&#8220;] Bauhaus P\u00e1rty Maro\u0161 Schmidt, M\u00e1ria Ri\u0161kov\u00e1 &nbsp; &nbsp; Is Slovak history of design linked with German? How did products look like during the interwar, wartime and post-war period? Were we linked by shape, music or school? &nbsp; Slovak Museum of Design (SMD) in cooperation with the Goethe-Institut Bratislava invites all [&hellip;]<\/p>","protected":false},"author":5,"featured_media":0,"comment_status":"closed","ping_status":"closed","sticky":false,"template":"","format":"standard","meta":{"footnotes":""},"categories":[309],"tags":[465,466],"_links":{"self":[{"href":"https:\/\/www.bratislavadesignweek.sk\/en\/wp-json\/wp\/v2\/posts\/3889"}],"collection":[{"href":"https:\/\/www.bratislavadesignweek.sk\/en\/wp-json\/wp\/v2\/posts"}],"about":[{"href":"https:\/\/www.bratislavadesignweek.sk\/en\/wp-json\/wp\/v2\/types\/post"}],"author":[{"embeddable":true,"href":"https:\/\/www.bratislavadesignweek.sk\/en\/wp-json\/wp\/v2\/users\/5"}],"replies":[{"embeddable":true,"href":"https:\/\/www.bratislavadesignweek.sk\/en\/wp-json\/wp\/v2\/comments?post=3889"}],"version-history":[{"count":4,"href":"https:\/\/www.bratislavadesignweek.sk\/en\/wp-json\/wp\/v2\/posts\/3889\/revisions"}],"predecessor-version":[{"id":3942,"href":"https:\/\/www.bratislavadesignweek.sk\/en\/wp-json\/wp\/v2\/posts\/3889\/revisions\/3942"}],"wp:attachment":[{"href":"https:\/\/www.bratislavadesignweek.sk\/en\/wp-json\/wp\/v2\/media?parent=3889"}],"wp:term":[{"taxonomy":"category","embeddable":true,"href":"https:\/\/www.bratislavadesignweek.sk\/en\/wp-json\/wp\/v2\/categories?post=3889"},{"taxonomy":"post_tag","embeddable":true,"href":"https:\/\/www.bratislavadesignweek.sk\/en\/wp-json\/wp\/v2\/tags?post=3889"}],"curies":[{"name":"wp","href":"https:\/\/api.w.org\/{rel}","templated":true}]}}