{"id":4099,"date":"2015-04-08T18:43:35","date_gmt":"2015-04-08T17:43:35","guid":{"rendered":"http:\/\/www.bratislavadesignweek.sk\/?p=4099"},"modified":"2024-09-25T12:12:35","modified_gmt":"2024-09-25T10:12:35","slug":"inga-sempe-2","status":"publish","type":"post","link":"https:\/\/www.bratislavadesignweek.sk\/en\/inga-sempe-2\/","title":{"rendered":"Inga Semp\u00e9"},"content":{"rendered":"<p>[vc_column_text pb_margin_bottom=&#8220;no&#8220; pb_border_bottom=&#8220;no&#8220; width=&#8220;1\/2&#8243; el_position=&#8220;first&#8220;]<\/p>\n<p class=\"impact-text\">Inga Semp\u00e9, Bratislava Design Week guest of honour.<\/p>\n<p>&nbsp;<\/p>\n<p>Noted French designer Inga Semp\u00e9 accepted our invitation to participate on Bratislava Design Week. Semp\u00e9 belongs to designer generation, whose formation is connected with the end of the previous century. From the beginning she has attracted with poetic reflection togehter with logic of her design objects. Her focus is on product design and furniture and she cooperates with prestigious producers like Ligne Roset, Mutina, HAY, Baccarat, Luceplan or Moustache. Her work is based on strict defined form, carefully selected material, surface finishing but also has specific disciplined simplicity, that is full of poetic. This French designer became several awards and exhibited for example in Muse\u00e9 des Arts decorations or in Centre Georges Pompidou in Paris.<\/p>\n<p>On Bratislava Design Week will have lecture on 9th June.<\/p>\n<p>&nbsp;<\/p>\n<p>[button colour=\"grey\" type=\"0\u2033 size=\"small\" link=\"http:\/\/www.ingasempe.fr\" target=\"_self\"]www.ingasempe.fr[\/button]<\/p>\n<p>[\/vc_column_text] [vc_column_text pb_margin_bottom=&#8220;no&#8220; pb_border_bottom=&#8220;no&#8220; width=&#8220;1\/2&#8243; el_position=&#8220;last&#8220;]<\/p>\n<p><a href=\"http:\/\/www.bratislavadesignweek.sk\/wp-content\/uploads\/2015\/04\/unnamed.jpg\"><img fetchpriority=\"high\" decoding=\"async\" class=\"alignnone size-large wp-image-4095\" src=\"http:\/\/www.bratislavadesignweek.sk\/wp-content\/uploads\/2015\/04\/unnamed-806x1024.jpg\" alt=\"unnamed\" width=\"806\" height=\"1024\" srcset=\"https:\/\/www.bratislavadesignweek.sk\/wp-content\/uploads\/2015\/04\/unnamed-806x1024.jpg 806w, https:\/\/www.bratislavadesignweek.sk\/wp-content\/uploads\/2015\/04\/unnamed-236x300.jpg 236w, https:\/\/www.bratislavadesignweek.sk\/wp-content\/uploads\/2015\/04\/unnamed.jpg 830w\" sizes=\"(max-width: 806px) 100vw, 806px\" \/><\/a><\/p>\n<p><a href=\"http:\/\/www.bratislavadesignweek.sk\/wp-content\/uploads\/2015\/04\/inga-sempe-ligne-roset-2015.jpg\"><img decoding=\"async\" class=\"alignnone size-large wp-image-4096\" src=\"http:\/\/www.bratislavadesignweek.sk\/wp-content\/uploads\/2015\/04\/inga-sempe-ligne-roset-2015-1024x682.jpg\" alt=\"-inga-sempe-ligne roset 2015\" width=\"1024\" height=\"682\" \/><\/a><\/p>\n<p>&nbsp;<\/p>\n<p>[\/vc_column_text]<\/p>","protected":false},"excerpt":{"rendered":"<p>[vc_column_text pb_margin_bottom=&#8220;no&#8220; pb_border_bottom=&#8220;no&#8220; width=&#8220;1\/2&#8243; el_position=&#8220;first&#8220;] Inga Semp\u00e9, Bratislava Design Week guest of honor. &nbsp; Noted French designer Inga Semp\u00e9 accepted our invitation to participate on Bratislava Design Week. Semp\u00e9 belongs to designer generation, whose formation is connected with the end of the previous century. From the beginning she has attracted with poetic reflection togehter with [&hellip;]<\/p>","protected":false},"author":5,"featured_media":0,"comment_status":"closed","ping_status":"closed","sticky":false,"template":"","format":"standard","meta":{"footnotes":""},"categories":[628,624,477],"tags":[483],"_links":{"self":[{"href":"https:\/\/www.bratislavadesignweek.sk\/en\/wp-json\/wp\/v2\/posts\/4099"}],"collection":[{"href":"https:\/\/www.bratislavadesignweek.sk\/en\/wp-json\/wp\/v2\/posts"}],"about":[{"href":"https:\/\/www.bratislavadesignweek.sk\/en\/wp-json\/wp\/v2\/types\/post"}],"author":[{"embeddable":true,"href":"https:\/\/www.bratislavadesignweek.sk\/en\/wp-json\/wp\/v2\/users\/5"}],"replies":[{"embeddable":true,"href":"https:\/\/www.bratislavadesignweek.sk\/en\/wp-json\/wp\/v2\/comments?post=4099"}],"version-history":[{"count":2,"href":"https:\/\/www.bratislavadesignweek.sk\/en\/wp-json\/wp\/v2\/posts\/4099\/revisions"}],"predecessor-version":[{"id":4567,"href":"https:\/\/www.bratislavadesignweek.sk\/en\/wp-json\/wp\/v2\/posts\/4099\/revisions\/4567"}],"wp:attachment":[{"href":"https:\/\/www.bratislavadesignweek.sk\/en\/wp-json\/wp\/v2\/media?parent=4099"}],"wp:term":[{"taxonomy":"category","embeddable":true,"href":"https:\/\/www.bratislavadesignweek.sk\/en\/wp-json\/wp\/v2\/categories?post=4099"},{"taxonomy":"post_tag","embeddable":true,"href":"https:\/\/www.bratislavadesignweek.sk\/en\/wp-json\/wp\/v2\/tags?post=4099"}],"curies":[{"name":"wp","href":"https:\/\/api.w.org\/{rel}","templated":true}]}}