{"id":4140,"date":"2015-04-05T11:56:31","date_gmt":"2015-04-05T10:56:31","guid":{"rendered":"http:\/\/www.bratislavadesignweek.sk\/?p=4140"},"modified":"2024-09-25T12:12:35","modified_gmt":"2024-09-25T10:12:35","slug":"the-international-design-review-graduation-projects-2014-2","status":"publish","type":"post","link":"https:\/\/www.bratislavadesignweek.sk\/en\/the-international-design-review-graduation-projects-2014-2\/","title":{"rendered":"The International Design Review \"Graduation Projects 2014\""},"content":{"rendered":"<p>[vc_column_text pb_margin_bottom=&#8220;no&#8220; pb_border_bottom=&#8220;no&#8220; width=&#8220;1\/2&#8243; el_position=&#8220;first&#8220;]<\/p>\n<p class=\"impact-text\">The International Design Review \"Graduation Projects 2014\"<\/p>\n<p>&nbsp;<\/p>\n<p>These 40 diploma theses were chosen by the international jury of the Best Graduation Projects Review in the following categories: product and graphic design. The review was initiated in 2002 by 2+3 D Polish Design Quarterly that presents the selection of best works on its webpage. In the following years, partners from the Czech Republic, Slovakia and Hungary joined the project. Since 2005, diplomas have been presented at the exhibition in the Cieszyn Castle. The exhibition presents works of young designers from the Czech Republic, Poland, Slovakia and Hungary. The review allows their authors to establish their first professional contacts and start their career.<\/p>\n<p>&nbsp;<\/p>\n<p>Partners:<\/p>\n<p>2+3 D Polish Design Quarterly (PL)<\/p>\n<p>The Castle Cieszyn (PL)<\/p>\n<p>Organization 1977 (SVK)<\/p>\n<p>TYPO Magazine (CZ)<\/p>\n<p>Plusminus Visual Intelligence Magazine (HUN)<\/p>\n<p>&nbsp;<\/p>\n<p>Jury:<\/p>\n<p>Poland: Ewa Go\u0142\u0119biowska, Agata Korze\u0144ska, (Castle Cieszyn), Bogdan Kosak, Micha\u0142 Latko, Czes\u0142awa Frejlich, Wojtek Kubiena, Kuba Sowi\u0144ski, Jacek Mrowczyk (2+3D)<\/p>\n<p>The Czech Republic: Filip Bla\u017eek, Michael Vasku (Typo)<\/p>\n<p>Slovakia: Marcel Ben\u010d\u00edk, Jozef Koval\u010dik (1997)<\/p>\n<p>Hungary: Krisztina Somogyi (Plusminus Visual Intelligence)<\/p>\n<p>&nbsp;<\/p>\n<p>Exhibition:<\/p>\n<p>Arrangement: Katarzyna Pe\u0142ka, Marcin Krater, Natalia Jak\u00f3biec (Wzorro Design)<\/p>\n<p>Layout: Agata Korze\u0144ska (Idee)<\/p>\n<p>Coordination: Anna Pilch (Castle Cieszyn)<\/p>\n<p>Review Curator: Wojtek Kubiena (2+3D)<\/p>\n<p>Catalog layout &amp; DTP: Kuba Sowinski and Wojtek Kubiena (2+3D)<\/p>\n<p>[\/vc_column_text] [vc_column_text pb_margin_bottom=&#8220;no&#8220; pb_border_bottom=&#8220;no&#8220; width=&#8220;1\/2&#8243; el_position=&#8220;last&#8220;]<\/p>\n<p><a href=\"http:\/\/www.bratislavadesignweek.sk\/wp-content\/uploads\/2015\/04\/GP49.jpg\"><img fetchpriority=\"high\" decoding=\"async\" class=\"alignnone size-large wp-image-4138\" src=\"http:\/\/www.bratislavadesignweek.sk\/wp-content\/uploads\/2015\/04\/GP49-1024x683.jpg\" alt=\"01.03.2015 Cieszyn 10 Urodziny Zamek Cieszynfot. Dominik Gajda\" width=\"1024\" height=\"683\" srcset=\"https:\/\/www.bratislavadesignweek.sk\/wp-content\/uploads\/2015\/04\/GP49.jpg 1024w, https:\/\/www.bratislavadesignweek.sk\/wp-content\/uploads\/2015\/04\/GP49-300x200.jpg 300w\" sizes=\"(max-width: 1024px) 100vw, 1024px\" \/><\/a><\/p>\n<p><a href=\"http:\/\/www.bratislavadesignweek.sk\/wp-content\/uploads\/2015\/04\/GP34.jpg\"><img decoding=\"async\" class=\"alignnone size-large wp-image-4332\" src=\"http:\/\/www.bratislavadesignweek.sk\/wp-content\/uploads\/2015\/04\/GP34-1024x683.jpg\" alt=\"01.03.2015 Cieszyn 10 Urodziny Zamek Cieszynfot. Dominik Gajda\" width=\"1024\" height=\"683\" srcset=\"https:\/\/www.bratislavadesignweek.sk\/wp-content\/uploads\/2015\/04\/GP34-1024x683.jpg 1024w, https:\/\/www.bratislavadesignweek.sk\/wp-content\/uploads\/2015\/04\/GP34-300x200.jpg 300w, https:\/\/www.bratislavadesignweek.sk\/wp-content\/uploads\/2015\/04\/GP34-1280x853.jpg 1280w\" sizes=\"(max-width: 1024px) 100vw, 1024px\" \/><\/a><\/p>\n<p><a href=\"http:\/\/www.bratislavadesignweek.sk\/wp-content\/uploads\/2015\/04\/b.jpg\"><img decoding=\"async\" class=\"alignnone size-large wp-image-4335\" src=\"http:\/\/www.bratislavadesignweek.sk\/wp-content\/uploads\/2015\/04\/b-1024x683.jpg\" alt=\"28.02.2015 Cieszyn 10 Urodziny Zamek Cieszynfot. Dominik Gajda\" width=\"1024\" height=\"683\" srcset=\"https:\/\/www.bratislavadesignweek.sk\/wp-content\/uploads\/2015\/04\/b-1024x683.jpg 1024w, https:\/\/www.bratislavadesignweek.sk\/wp-content\/uploads\/2015\/04\/b-300x200.jpg 300w, https:\/\/www.bratislavadesignweek.sk\/wp-content\/uploads\/2015\/04\/b-1280x854.jpg 1280w, https:\/\/www.bratislavadesignweek.sk\/wp-content\/uploads\/2015\/04\/b.jpg 1366w\" sizes=\"(max-width: 1024px) 100vw, 1024px\" \/><\/a><\/p>\n<p><a href=\"http:\/\/www.bratislavadesignweek.sk\/wp-content\/uploads\/2015\/04\/GP01.jpg\"><img loading=\"lazy\" decoding=\"async\" class=\"alignnone size-large wp-image-4336\" src=\"http:\/\/www.bratislavadesignweek.sk\/wp-content\/uploads\/2015\/04\/GP01-1024x683.jpg\" alt=\"28.02.2015 Cieszyn 10 Urodziny Zamek Cieszynfot. Dominik Gajda\" width=\"1024\" height=\"683\" srcset=\"https:\/\/www.bratislavadesignweek.sk\/wp-content\/uploads\/2015\/04\/GP01-1024x683.jpg 1024w, https:\/\/www.bratislavadesignweek.sk\/wp-content\/uploads\/2015\/04\/GP01-300x200.jpg 300w, https:\/\/www.bratislavadesignweek.sk\/wp-content\/uploads\/2015\/04\/GP01-1280x854.jpg 1280w, https:\/\/www.bratislavadesignweek.sk\/wp-content\/uploads\/2015\/04\/GP01.jpg 1366w\" sizes=\"(max-width: 1024px) 100vw, 1024px\" \/><\/a><\/p>\n<p>[\/vc_column_text]<\/p>","protected":false},"excerpt":{"rendered":"<p>[vc_column_text pb_margin_bottom=&#8220;no&#8220; pb_border_bottom=&#8220;no&#8220; width=&#8220;1\/2&#8243; el_position=&#8220;first&#8220;] The International Design Review \u201cGraduation Projects 2014\u201d &nbsp; These 40 diploma theses were chosen by the international jury of the Best Graduation Projects Review in the following categories: product and graphic design. The review was initiated in 2002 by 2+3 D Polish Design Quarterly that presents the selection of best [&hellip;]<\/p>","protected":false},"author":5,"featured_media":0,"comment_status":"closed","ping_status":"closed","sticky":false,"template":"","format":"standard","meta":{"footnotes":""},"categories":[628],"tags":[489],"_links":{"self":[{"href":"https:\/\/www.bratislavadesignweek.sk\/en\/wp-json\/wp\/v2\/posts\/4140"}],"collection":[{"href":"https:\/\/www.bratislavadesignweek.sk\/en\/wp-json\/wp\/v2\/posts"}],"about":[{"href":"https:\/\/www.bratislavadesignweek.sk\/en\/wp-json\/wp\/v2\/types\/post"}],"author":[{"embeddable":true,"href":"https:\/\/www.bratislavadesignweek.sk\/en\/wp-json\/wp\/v2\/users\/5"}],"replies":[{"embeddable":true,"href":"https:\/\/www.bratislavadesignweek.sk\/en\/wp-json\/wp\/v2\/comments?post=4140"}],"version-history":[{"count":5,"href":"https:\/\/www.bratislavadesignweek.sk\/en\/wp-json\/wp\/v2\/posts\/4140\/revisions"}],"predecessor-version":[{"id":4338,"href":"https:\/\/www.bratislavadesignweek.sk\/en\/wp-json\/wp\/v2\/posts\/4140\/revisions\/4338"}],"wp:attachment":[{"href":"https:\/\/www.bratislavadesignweek.sk\/en\/wp-json\/wp\/v2\/media?parent=4140"}],"wp:term":[{"taxonomy":"category","embeddable":true,"href":"https:\/\/www.bratislavadesignweek.sk\/en\/wp-json\/wp\/v2\/categories?post=4140"},{"taxonomy":"post_tag","embeddable":true,"href":"https:\/\/www.bratislavadesignweek.sk\/en\/wp-json\/wp\/v2\/tags?post=4140"}],"curies":[{"name":"wp","href":"https:\/\/api.w.org\/{rel}","templated":true}]}}