{"id":4513,"date":"2015-05-18T16:49:53","date_gmt":"2015-05-18T15:49:53","guid":{"rendered":"http:\/\/www.bratislavadesignweek.sk\/?p=4513"},"modified":"2024-09-25T12:13:10","modified_gmt":"2024-09-25T10:13:10","slug":"magazin-form","status":"publish","type":"post","link":"https:\/\/www.bratislavadesignweek.sk\/en\/magazin-form\/","title":{"rendered":"Magaz\u00edn FORM"},"content":{"rendered":"<p>[vc_column_text pb_margin_bottom=&#8220;no&#8220; pb_border_bottom=&#8220;no&#8220; width=&#8220;1\/2&#8243; el_position=&#8220;first&#8220;]<\/p>\n<p class=\"impact-text\">Magaz\u00edn FORM<\/p>\n<p>&nbsp;<\/p>\n<p>Form \u2013 exkluz\u00edvny magaz\u00edn, ktor\u00fd sp\u00e1ja kvalitu s originalitou.<\/p>\n<p><em>dizajn \u2013 m\u00f3da \u2013 produkt \u2013 umenie \u2013 architektura \u2013 interi\u00e9r &#8211; kult\u00fara<\/em><\/p>\n<p>&nbsp;<\/p>\n<p>Ka\u017ed\u00e1 krajina disponuje ur\u010dit\u00fdm v\u00fdnimo\u010dn\u00fdm talentom, ktor\u00fd v\u00fdrazne tvaruje kult\u00farny charakter spolo\u010dnosti. Je to pr\u00e1ve dom\u00e1ca tvorba, ktor\u00e1 do ve\u013ekej miery odzrkad\u013euje na\u0161u n\u00e1rodn\u00fa jedine\u010dnos\u0165. Magaz\u00edn FORM sa podujal v zmesi ruchu spotrebn\u00e9ho vkusu objavova\u0165 a vyzdvihova\u0165 dizajn\u00e9rske talenty, ktor\u00fdmi disponuje Slovensko.<\/p>\n<p>Spolo\u010dnos\u0165, hist\u00f3ria, n\u00e1bo\u017eenstvo, prostredie \u010di politick\u00e1 a ekonomick\u00e1 situ\u00e1cia vytv\u00e1raj\u00fa jedine\u010dn\u00fd tlak na kreat\u00edvny proces pri tvorbe dizajnu. Dve k\u013e\u00fa\u010dov\u00e9 krit\u00e9ri\u00e1, ktor\u00fdmi s\u00fa funk\u010dnos\u0165 a estetika, spolo\u010dne s celkov\u00fdm v\u00fdsledkom autorovej pr\u00e1ce, b\u00fdvaj\u00fa \u010dasto ve\u013emi silne ovplyvnen\u00e9 rozli\u010dn\u00fdmi faktormi dom\u00e1ceho prostredia: p\u00f4sobenie trad\u00edci\u00ed a s\u00fa\u010dasn\u00fdch svetov\u00fdch trendov, d\u00f4raz na individualitu a slobodu vyjadrenia, v\u00fdznam \u017eivotn\u00e9ho prostredia a vzh\u013eadu regi\u00f3nu, alebo samotn\u00fd dopyt spotrebite\u013ea r\u00f4znych spolo\u010densk\u00fdch vrstiev.<\/p>\n<p>&nbsp;<\/p>\n<p><b>Magaz\u00edn FORM prin\u00e1\u0161a vydavate\u013esk\u00fd dom Versa Media s.r.o., ktor\u00e9 okrem in\u00e9ho vyd\u00e1va tituly Formen, Moja Psychologia, Di\u00e9ta, F.O.O.D., Maminka, Moje Zdravie, \u0160ikovn\u00ed\u010dek a\u00a0Real Immo.<\/b><\/p>\n<p>&nbsp;<\/p>\n<p>[\/vc_column_text] [vc_column_text pb_margin_bottom=&#8220;no&#8220; pb_border_bottom=&#8220;no&#8220; width=&#8220;1\/2&#8243; el_position=&#8220;last&#8220;]<\/p>\n<p><a href=\"http:\/\/www.bratislavadesignweek.sk\/wp-content\/uploads\/2015\/05\/Form_Autoinzercia-A6vyrez.jpg\"><img fetchpriority=\"high\" decoding=\"async\" class=\"alignnone size-large wp-image-4515\" src=\"http:\/\/www.bratislavadesignweek.sk\/wp-content\/uploads\/2015\/05\/Form_Autoinzercia-A6vyrez-776x1024.jpg\" alt=\"Form_Autoinzercia A6vyrez\" width=\"776\" height=\"1024\" \/><\/a><\/p>\n<p>&nbsp;<\/p>\n<p>[\/vc_column_text]<\/p>","protected":false},"excerpt":{"rendered":"<p>[vc_column_text pb_margin_bottom=&#8220;no&#8220; pb_border_bottom=&#8220;no&#8220; width=&#8220;1\/2&#8243; el_position=&#8220;first&#8220;] Magaz\u00edn FORM &nbsp; Form \u2013 exkluz\u00edvny magaz\u00edn, ktor\u00fd sp\u00e1ja kvalitu s originalitou. dizajn \u2013 m\u00f3da \u2013 produkt \u2013 umenie \u2013 architektura \u2013 interi\u00e9r &#8211; kult\u00fara &nbsp; Ka\u017ed\u00e1 krajina disponuje ur\u010dit\u00fdm v\u00fdnimo\u010dn\u00fdm talentom, ktor\u00fd v\u00fdrazne tvaruje kult\u00farny charakter spolo\u010dnosti. Je to pr\u00e1ve dom\u00e1ca tvorba, ktor\u00e1 do ve\u013ekej miery odzrkad\u013euje na\u0161u n\u00e1rodn\u00fa [&hellip;]<\/p>","protected":false},"author":5,"featured_media":0,"comment_status":"closed","ping_status":"closed","sticky":false,"template":"","format":"standard","meta":{"footnotes":""},"categories":[628,476],"tags":[514,585],"_links":{"self":[{"href":"https:\/\/www.bratislavadesignweek.sk\/en\/wp-json\/wp\/v2\/posts\/4513"}],"collection":[{"href":"https:\/\/www.bratislavadesignweek.sk\/en\/wp-json\/wp\/v2\/posts"}],"about":[{"href":"https:\/\/www.bratislavadesignweek.sk\/en\/wp-json\/wp\/v2\/types\/post"}],"author":[{"embeddable":true,"href":"https:\/\/www.bratislavadesignweek.sk\/en\/wp-json\/wp\/v2\/users\/5"}],"replies":[{"embeddable":true,"href":"https:\/\/www.bratislavadesignweek.sk\/en\/wp-json\/wp\/v2\/comments?post=4513"}],"version-history":[{"count":1,"href":"https:\/\/www.bratislavadesignweek.sk\/en\/wp-json\/wp\/v2\/posts\/4513\/revisions"}],"predecessor-version":[{"id":4516,"href":"https:\/\/www.bratislavadesignweek.sk\/en\/wp-json\/wp\/v2\/posts\/4513\/revisions\/4516"}],"wp:attachment":[{"href":"https:\/\/www.bratislavadesignweek.sk\/en\/wp-json\/wp\/v2\/media?parent=4513"}],"wp:term":[{"taxonomy":"category","embeddable":true,"href":"https:\/\/www.bratislavadesignweek.sk\/en\/wp-json\/wp\/v2\/categories?post=4513"},{"taxonomy":"post_tag","embeddable":true,"href":"https:\/\/www.bratislavadesignweek.sk\/en\/wp-json\/wp\/v2\/tags?post=4513"}],"curies":[{"name":"wp","href":"https:\/\/api.w.org\/{rel}","templated":true}]}}