{"id":4739,"date":"2015-05-24T12:14:35","date_gmt":"2015-05-24T11:14:35","guid":{"rendered":"http:\/\/www.bratislavadesignweek.sk\/?p=4739"},"modified":"2024-09-25T12:13:09","modified_gmt":"2024-09-25T10:13:09","slug":"studio-jazvec","status":"publish","type":"post","link":"https:\/\/www.bratislavadesignweek.sk\/en\/studio-jazvec\/","title":{"rendered":"Studio Badger"},"content":{"rendered":"<p>[vc_column_text pb_margin_bottom=&#8220;no&#8220; pb_border_bottom=&#8220;no&#8220; width=&#8220;1\/2&#8243; el_position=&#8220;first&#8220;]<\/p>\n<p class=\"impact-text\">Studio Badger<\/p>\n<p>&nbsp;<\/p>\n<p>Toto \u010desk\u00e9 rodov\u00e9 meno zdru\u017euje nieko\u013eko rodov z\u00a0\u010de\u013eade lasicovit\u00fdch \u0161eliem. V\u00fdskyt jazvecov je jasne dolo\u017een\u00fd po celej krajine a\u00a0ako je u\u00a0jazvecov zvykom, mo\u017eno v\u00a0roz\u013eahl\u00fdch lesnat\u00fdch oblastiach n\u00edzkeho porastu, narazi\u0165 na nejak\u00fd ten \u201eJazve\u010d\u00ed vrch\u201c, kopec \u010di skalu. Najnov\u0161ie prich\u00e1dza Jazvec s \u201eMobilom\u201c, hra\u010dkou s\u00a0n\u00e1dychom star\u00fdch, dobr\u00fdch \u010dias. Klasick\u00e9 telef\u00f3nne sl\u00fachadlo pretransformoval na \u0165ahacie aut\u00ed\u010dko a\u00a0o\u017eivil tak za\u0161l\u00fa sl\u00e1vu star\u00fdch telef\u00f3nov Tesla, ktor\u00e9 sa vyzna\u010duj\u00fa elegantn\u00fdm a\u00a0nestarn\u00facim dizajnom. Vytvoril tak origin\u00e1lny doplnok nielen do interi\u00e9ru, ale aj funk\u010dn\u00fa hra\u010dku pre v\u0161etky vekov\u00e9 kateg\u00f3rie.<\/p>\n<p>[\/vc_column_text] [vc_column_text pb_margin_bottom=&#8220;no&#8220; pb_border_bottom=&#8220;no&#8220; width=&#8220;1\/2&#8243; el_position=&#8220;last&#8220;]<\/p>\n<p><a href=\"http:\/\/www.bratislavadesignweek.sk\/wp-content\/uploads\/2015\/05\/Jezevec_Mobil.jpg\"><img fetchpriority=\"high\" decoding=\"async\" class=\"alignnone size-large wp-image-4740\" src=\"http:\/\/www.bratislavadesignweek.sk\/wp-content\/uploads\/2015\/05\/Jezevec_Mobil-681x1024.jpg\" alt=\"Jezevec_Mobil\" width=\"681\" height=\"1024\" srcset=\"https:\/\/www.bratislavadesignweek.sk\/wp-content\/uploads\/2015\/05\/Jezevec_Mobil-681x1024.jpg 681w, https:\/\/www.bratislavadesignweek.sk\/wp-content\/uploads\/2015\/05\/Jezevec_Mobil-199x300.jpg 199w, https:\/\/www.bratislavadesignweek.sk\/wp-content\/uploads\/2015\/05\/Jezevec_Mobil.jpg 1000w\" sizes=\"(max-width: 681px) 100vw, 681px\" \/><\/a><\/p>\n<p>&nbsp;<\/p>\n<p>[\/vc_column_text]<\/p>","protected":false},"excerpt":{"rendered":"<p>[vc_column_text pb_margin_bottom=&#8220;no&#8220; pb_border_bottom=&#8220;no&#8220; width=&#8220;1\/2&#8243; el_position=&#8220;first&#8220;] \u0160t\u00fadio Jazvec &nbsp; Toto \u010desk\u00e9 rodov\u00e9 meno zdru\u017euje nieko\u013eko rodov z\u00a0\u010de\u013eade lasicovit\u00fdch \u0161eliem. V\u00fdskyt jazvecov je jasne dolo\u017een\u00fd po celej krajine a\u00a0ako je u\u00a0jazvecov zvykom, mo\u017eno v\u00a0roz\u013eahl\u00fdch lesnat\u00fdch oblastiach n\u00edzkeho porastu, narazi\u0165 na nejak\u00fd ten \u201eJazve\u010d\u00ed vrch\u201c, kopec \u010di skalu. Najnov\u0161ie prich\u00e1dza Jazvec s \u201eMobilom\u201c, hra\u010dkou s\u00a0n\u00e1dychom star\u00fdch, dobr\u00fdch \u010dias. [&hellip;]<\/p>","protected":false},"author":5,"featured_media":0,"comment_status":"closed","ping_status":"closed","sticky":false,"template":"","format":"standard","meta":{"footnotes":""},"categories":[628,786],"tags":[561],"_links":{"self":[{"href":"https:\/\/www.bratislavadesignweek.sk\/en\/wp-json\/wp\/v2\/posts\/4739"}],"collection":[{"href":"https:\/\/www.bratislavadesignweek.sk\/en\/wp-json\/wp\/v2\/posts"}],"about":[{"href":"https:\/\/www.bratislavadesignweek.sk\/en\/wp-json\/wp\/v2\/types\/post"}],"author":[{"embeddable":true,"href":"https:\/\/www.bratislavadesignweek.sk\/en\/wp-json\/wp\/v2\/users\/5"}],"replies":[{"embeddable":true,"href":"https:\/\/www.bratislavadesignweek.sk\/en\/wp-json\/wp\/v2\/comments?post=4739"}],"version-history":[{"count":1,"href":"https:\/\/www.bratislavadesignweek.sk\/en\/wp-json\/wp\/v2\/posts\/4739\/revisions"}],"predecessor-version":[{"id":4741,"href":"https:\/\/www.bratislavadesignweek.sk\/en\/wp-json\/wp\/v2\/posts\/4739\/revisions\/4741"}],"wp:attachment":[{"href":"https:\/\/www.bratislavadesignweek.sk\/en\/wp-json\/wp\/v2\/media?parent=4739"}],"wp:term":[{"taxonomy":"category","embeddable":true,"href":"https:\/\/www.bratislavadesignweek.sk\/en\/wp-json\/wp\/v2\/categories?post=4739"},{"taxonomy":"post_tag","embeddable":true,"href":"https:\/\/www.bratislavadesignweek.sk\/en\/wp-json\/wp\/v2\/tags?post=4739"}],"curies":[{"name":"wp","href":"https:\/\/api.w.org\/{rel}","templated":true}]}}