{"id":4756,"date":"2015-05-24T14:03:08","date_gmt":"2015-05-24T13:03:08","guid":{"rendered":"http:\/\/www.bratislavadesignweek.sk\/?p=4756"},"modified":"2024-09-25T12:13:09","modified_gmt":"2024-09-25T10:13:09","slug":"matus-opalka-2","status":"publish","type":"post","link":"https:\/\/www.bratislavadesignweek.sk\/en\/matus-opalka-2\/","title":{"rendered":"Mat\u00fa\u0161 Op\u00e1lka"},"content":{"rendered":"<p>[vc_column_text pb_margin_bottom=&#8220;no&#8220; pb_border_bottom=&#8220;no&#8220; width=&#8220;1\/2&#8243; el_position=&#8220;first&#8220;]<\/p>\n<p class=\"impact-text\">Mat\u00fa\u0161 Op\u00e1lka<\/p>\n<p>&nbsp;<\/p>\n<p>The linear interior lamp INDI was created from the collaboration with the Czech company HALLA and has received a prestigious Reddot Design Award in 2014.<\/p>\n<p>&nbsp;<\/p>\n<p>[button colour=&#8220;grey&#8220; type=&#8220;0&#8243; size=&#8220;small&#8220; link=&#8220;http:\/\/www.opalkadesign.com&#8220; target=&#8220;_self&#8220;]www.opalkadesign.com[\/button]<\/p>\n<p>[\/vc_column_text] [vc_column_text pb_margin_bottom=&#8220;no&#8220; pb_border_bottom=&#8220;no&#8220; width=&#8220;1\/2&#8243; el_position=&#8220;last&#8220;]<\/p>\n<p><a href=\"http:\/\/www.bratislavadesignweek.sk\/wp-content\/uploads\/2015\/05\/INDI-_design_OpalkaMatus_photo_Marek-Musil.jpg\"><img fetchpriority=\"high\" decoding=\"async\" class=\"alignnone size-full wp-image-4754\" src=\"http:\/\/www.bratislavadesignweek.sk\/wp-content\/uploads\/2015\/05\/INDI-_design_OpalkaMatus_photo_Marek-Musil.jpg\" alt=\"INDI+_design_OpalkaMatus_photo_Marek Musil\" width=\"667\" height=\"1000\" srcset=\"https:\/\/www.bratislavadesignweek.sk\/wp-content\/uploads\/2015\/05\/INDI-_design_OpalkaMatus_photo_Marek-Musil.jpg 667w, https:\/\/www.bratislavadesignweek.sk\/wp-content\/uploads\/2015\/05\/INDI-_design_OpalkaMatus_photo_Marek-Musil-200x300.jpg 200w\" sizes=\"(max-width: 667px) 100vw, 667px\" \/><\/a><\/p>\n<p>&nbsp;<\/p>\n<p>[\/vc_column_text]<\/p>","protected":false},"excerpt":{"rendered":"<p>[vc_column_text pb_margin_bottom=&#8220;no&#8220; pb_border_bottom=&#8220;no&#8220; width=&#8220;1\/2&#8243; el_position=&#8220;first&#8220;] Mat\u00fa\u0161 Op\u00e1lka &nbsp; The linear interior lamp INDI was created from the collaboration with the Czech company HALLA and has received a prestigious Reddot Design Award in 2014. &nbsp; [button colour=&#8220;grey&#8220; type=&#8220;0&#8243; size=&#8220;small&#8220; link=&#8220;http:\/\/www.opalkadesign.com&#8220; target=&#8220;_self&#8220;]www.opalkadesign.com[\/button] [\/vc_column_text] [vc_column_text pb_margin_bottom=&#8220;no&#8220; pb_border_bottom=&#8220;no&#8220; width=&#8220;1\/2&#8243; el_position=&#8220;last&#8220;] &nbsp; [\/vc_column_text]<\/p>","protected":false},"author":5,"featured_media":0,"comment_status":"closed","ping_status":"closed","sticky":false,"template":"","format":"standard","meta":{"footnotes":""},"categories":[628],"tags":[566],"_links":{"self":[{"href":"https:\/\/www.bratislavadesignweek.sk\/en\/wp-json\/wp\/v2\/posts\/4756"}],"collection":[{"href":"https:\/\/www.bratislavadesignweek.sk\/en\/wp-json\/wp\/v2\/posts"}],"about":[{"href":"https:\/\/www.bratislavadesignweek.sk\/en\/wp-json\/wp\/v2\/types\/post"}],"author":[{"embeddable":true,"href":"https:\/\/www.bratislavadesignweek.sk\/en\/wp-json\/wp\/v2\/users\/5"}],"replies":[{"embeddable":true,"href":"https:\/\/www.bratislavadesignweek.sk\/en\/wp-json\/wp\/v2\/comments?post=4756"}],"version-history":[{"count":1,"href":"https:\/\/www.bratislavadesignweek.sk\/en\/wp-json\/wp\/v2\/posts\/4756\/revisions"}],"predecessor-version":[{"id":4757,"href":"https:\/\/www.bratislavadesignweek.sk\/en\/wp-json\/wp\/v2\/posts\/4756\/revisions\/4757"}],"wp:attachment":[{"href":"https:\/\/www.bratislavadesignweek.sk\/en\/wp-json\/wp\/v2\/media?parent=4756"}],"wp:term":[{"taxonomy":"category","embeddable":true,"href":"https:\/\/www.bratislavadesignweek.sk\/en\/wp-json\/wp\/v2\/categories?post=4756"},{"taxonomy":"post_tag","embeddable":true,"href":"https:\/\/www.bratislavadesignweek.sk\/en\/wp-json\/wp\/v2\/tags?post=4756"}],"curies":[{"name":"wp","href":"https:\/\/api.w.org\/{rel}","templated":true}]}}