{"id":4760,"date":"2015-05-18T11:52:39","date_gmt":"2015-05-18T10:52:39","guid":{"rendered":"http:\/\/www.bratislavadesignweek.sk\/?p=4760"},"modified":"2024-09-25T12:13:10","modified_gmt":"2024-09-25T10:13:10","slug":"small-smart-wooden-ii-2","status":"publish","type":"post","link":"https:\/\/www.bratislavadesignweek.sk\/en\/small-smart-wooden-ii-2\/","title":{"rendered":"Small smart wooden II."},"content":{"rendered":"<p>[vc_column_text pb_margin_bottom=&#8220;no&#8220; pb_border_bottom=&#8220;no&#8220; width=&#8220;1\/2&#8243; el_position=&#8220;first&#8220;]<\/p>\n<p class=\"impact-text\">Small smart wooden II.<\/p>\n<p class=\"impact-text\">Institute of Interior and Exhibition Design, Faculty of Architecture STU Bratislava<\/p>\n<p>&nbsp;<\/p>\n<p>\"Small but smart wooden table\" was the topic for the students of Design Furniture and Movables led by Veronica Kotradyov\u00e1 and Du\u0161an Ko\u010dl\u00edk.<\/p>\n<p>&nbsp;<\/p>\n<p>[button colour=\"grey\" type=\"0\u2033 size=\"small\" link=\"http:\/\/www.fa.stuba.sk\" target=\"_self\"]www.fa.stuba.sk[\/button]<\/p>\n<p>&nbsp;<\/p>\n<p>[button colour=\"grey\" type=\"0\u2033 size=\"small\" link=\"http:\/\/www.bcdlab.eu\" target=\"_self\"]www.bcdlab.eu[\/button]<\/p>\n<p>&nbsp;<\/p>\n<p><em>On picture: \u017dofia Adamov\u00e1, Fraboid<\/em><\/p>\n<p>[\/vc_column_text] [vc_column_text pb_margin_bottom=&#8220;no&#8220; pb_border_bottom=&#8220;no&#8220; width=&#8220;1\/2&#8243; el_position=&#8220;last&#8220;]<\/p>\n<p><a href=\"http:\/\/www.bratislavadesignweek.sk\/wp-content\/uploads\/2015\/05\/zofia-adamova-fraboid.jpg\"><img fetchpriority=\"high\" decoding=\"async\" class=\"alignnone size-full wp-image-4651\" src=\"http:\/\/www.bratislavadesignweek.sk\/wp-content\/uploads\/2015\/05\/zofia-adamova-fraboid.jpg\" alt=\"zofia adamova fraboid\" width=\"1000\" height=\"525\" srcset=\"https:\/\/www.bratislavadesignweek.sk\/wp-content\/uploads\/2015\/05\/zofia-adamova-fraboid.jpg 1000w, https:\/\/www.bratislavadesignweek.sk\/wp-content\/uploads\/2015\/05\/zofia-adamova-fraboid-300x158.jpg 300w\" sizes=\"(max-width: 1000px) 100vw, 1000px\" \/><\/a><\/p>\n<p>&nbsp;<\/p>\n<p>[\/vc_column_text]<\/p>","protected":false},"excerpt":{"rendered":"<p>[vc_column_text pb_margin_bottom=&#8220;no&#8220; pb_border_bottom=&#8220;no&#8220; width=&#8220;1\/2&#8243; el_position=&#8220;first&#8220;] Small smart wooden II. Institute of Interior and Exhibition Design, Fakulty of Architecture STU Bratislava &nbsp; &#8222;Small but smart wooden table&#8220; was the topic for the students of Design Furniture and Movables led by Veronica Kotradyov\u00e1 and Du\u0161an Ko\u010dl\u00edk. &nbsp; [button colour=&#8220;grey&#8220; type=&#8220;0&#8243; size=&#8220;small&#8220; link=&#8220;http:\/\/www.fa.stuba.sk&#8220; target=&#8220;_self&#8220;]www.fa.stuba.sk[\/button] &nbsp; [button colour=&#8220;grey&#8220; type=&#8220;0&#8243; [&hellip;]<\/p>","protected":false},"author":5,"featured_media":0,"comment_status":"closed","ping_status":"closed","sticky":false,"template":"","format":"standard","meta":{"footnotes":""},"categories":[628],"tags":[565,567,548],"_links":{"self":[{"href":"https:\/\/www.bratislavadesignweek.sk\/en\/wp-json\/wp\/v2\/posts\/4760"}],"collection":[{"href":"https:\/\/www.bratislavadesignweek.sk\/en\/wp-json\/wp\/v2\/posts"}],"about":[{"href":"https:\/\/www.bratislavadesignweek.sk\/en\/wp-json\/wp\/v2\/types\/post"}],"author":[{"embeddable":true,"href":"https:\/\/www.bratislavadesignweek.sk\/en\/wp-json\/wp\/v2\/users\/5"}],"replies":[{"embeddable":true,"href":"https:\/\/www.bratislavadesignweek.sk\/en\/wp-json\/wp\/v2\/comments?post=4760"}],"version-history":[{"count":1,"href":"https:\/\/www.bratislavadesignweek.sk\/en\/wp-json\/wp\/v2\/posts\/4760\/revisions"}],"predecessor-version":[{"id":4761,"href":"https:\/\/www.bratislavadesignweek.sk\/en\/wp-json\/wp\/v2\/posts\/4760\/revisions\/4761"}],"wp:attachment":[{"href":"https:\/\/www.bratislavadesignweek.sk\/en\/wp-json\/wp\/v2\/media?parent=4760"}],"wp:term":[{"taxonomy":"category","embeddable":true,"href":"https:\/\/www.bratislavadesignweek.sk\/en\/wp-json\/wp\/v2\/categories?post=4760"},{"taxonomy":"post_tag","embeddable":true,"href":"https:\/\/www.bratislavadesignweek.sk\/en\/wp-json\/wp\/v2\/tags?post=4760"}],"curies":[{"name":"wp","href":"https:\/\/api.w.org\/{rel}","templated":true}]}}