{"id":4819,"date":"2015-05-29T00:50:44","date_gmt":"2015-05-28T23:50:44","guid":{"rendered":"http:\/\/www.bratislavadesignweek.sk\/?p=4819"},"modified":"2024-09-25T12:13:09","modified_gmt":"2024-09-25T10:13:09","slug":"kafka-kurtag-bellus","status":"publish","type":"post","link":"https:\/\/www.bratislavadesignweek.sk\/en\/kafka-kurtag-bellus\/","title":{"rendered":"KAFKA-KURT\u00c1G-BELLU\u0160"},"content":{"rendered":"<p>[vc_column_text pb_margin_bottom=&#8220;no&#8220; pb_border_bottom=&#8220;no&#8220; width=&#8220;1\/2&#8243; el_position=&#8220;first&#8220;]<\/p>\n<p class=\"impact-text\">KAFKA-KURT\u00c1G-BELLU\u0160<\/p>\n<p class=\"impact-text\">BETRACHTUNG<\/p>\n<p>&nbsp;<\/p>\n<p>Set design has become a living art. It's no longer just about the perfectly mastered craft of scenic effects. It is thinking about space. A place that can be both concrete and fictional. A place where one can be both normal and surreal. There is nothing more important to an architect and architecture than to see it working. But not just as a layout diagram. It must also endure the collisions of relationship and narrative. Ones that make it up and give meaning to the layout.<\/p>\n<p>Within the framework of the seminar-studio of Contemporary Scenography, students of FA STU prepared a musical-performative spatial project treating the themes of Kafka's short prose Betrachtung and Kurt\u00e1g's musical compositions Kafka Fragmente for soprano and violin in Bellu\u0161's building as a scenography. The project will be performed live at the Faculty of Architecture during Bratislava Design Week.<\/p>\n<p>&nbsp;<\/p>\n<p>The performance will take place on Wednesday\u00a0<strong>10.6. at 17:00 at the Faculty of Architecture, STU\u00a0<\/strong><\/p>\n<p>&nbsp;<\/p>\n<p>[button colour=\"grey\" type=\"0\u2033 size=\"small\" link=\"http:\/\/mazalanportfolio.wix.com\/kafka-projekt\" target=\"_self\"]mazalanportfolio.wix.com\/kafka-project[\/button]<\/p>\n<p>[\/vc_column_text] [vc_column_text pb_margin_bottom=&#8220;no&#8220; pb_border_bottom=&#8220;no&#8220; width=&#8220;1\/2&#8243; el_position=&#8220;last&#8220;]<\/p>\n<p><a href=\"http:\/\/www.bratislavadesignweek.sk\/wp-content\/uploads\/2015\/05\/Kafka.jpg\"><img fetchpriority=\"high\" decoding=\"async\" class=\"alignnone size-full wp-image-4820\" src=\"http:\/\/www.bratislavadesignweek.sk\/wp-content\/uploads\/2015\/05\/Kafka.jpg\" alt=\"Kafka\" width=\"600\" height=\"800\" srcset=\"https:\/\/www.bratislavadesignweek.sk\/wp-content\/uploads\/2015\/05\/Kafka.jpg 600w, https:\/\/www.bratislavadesignweek.sk\/wp-content\/uploads\/2015\/05\/Kafka-225x300.jpg 225w\" sizes=\"(max-width: 600px) 100vw, 600px\" \/><\/a><\/p>\n<p>&nbsp;<\/p>\n<p>[\/vc_column_text]<\/p>","protected":false},"excerpt":{"rendered":"<p>[vc_column_text pb_margin_bottom=&#8220;no&#8220; pb_border_bottom=&#8220;no&#8220; width=&#8220;1\/2&#8243; el_position=&#8220;first&#8220;] KAFKA-KURT\u00c1G-BELLU\u0160 BETRACHTUNG &nbsp; Sc\u00e9nografia sa stala \u017eiv\u00fdm umen\u00edm. Nie je viac iba o dokonale zvl\u00e1dnutom remesle sc\u00e9nick\u00fdch efektov. Je prem\u00fd\u0161\u013ean\u00edm nad priestorom. Miestom, ktor\u00e9 m\u00f4\u017ee by\u0165 konkr\u00e9tne aj fikt\u00edvne. Miestom, kde sa d\u00e1 by\u0165 norm\u00e1lne aj surre\u00e1lne. Pre architekta a architekt\u00faru nie je ni\u010d d\u00f4le\u017eitej\u0161ie ako ju vidie\u0165 funguj\u00facu. Ale [&hellip;]<\/p>","protected":false},"author":5,"featured_media":0,"comment_status":"closed","ping_status":"closed","sticky":false,"template":"","format":"standard","meta":{"footnotes":""},"categories":[628,510],"tags":[577,578],"_links":{"self":[{"href":"https:\/\/www.bratislavadesignweek.sk\/en\/wp-json\/wp\/v2\/posts\/4819"}],"collection":[{"href":"https:\/\/www.bratislavadesignweek.sk\/en\/wp-json\/wp\/v2\/posts"}],"about":[{"href":"https:\/\/www.bratislavadesignweek.sk\/en\/wp-json\/wp\/v2\/types\/post"}],"author":[{"embeddable":true,"href":"https:\/\/www.bratislavadesignweek.sk\/en\/wp-json\/wp\/v2\/users\/5"}],"replies":[{"embeddable":true,"href":"https:\/\/www.bratislavadesignweek.sk\/en\/wp-json\/wp\/v2\/comments?post=4819"}],"version-history":[{"count":3,"href":"https:\/\/www.bratislavadesignweek.sk\/en\/wp-json\/wp\/v2\/posts\/4819\/revisions"}],"predecessor-version":[{"id":4823,"href":"https:\/\/www.bratislavadesignweek.sk\/en\/wp-json\/wp\/v2\/posts\/4819\/revisions\/4823"}],"wp:attachment":[{"href":"https:\/\/www.bratislavadesignweek.sk\/en\/wp-json\/wp\/v2\/media?parent=4819"}],"wp:term":[{"taxonomy":"category","embeddable":true,"href":"https:\/\/www.bratislavadesignweek.sk\/en\/wp-json\/wp\/v2\/categories?post=4819"},{"taxonomy":"post_tag","embeddable":true,"href":"https:\/\/www.bratislavadesignweek.sk\/en\/wp-json\/wp\/v2\/tags?post=4819"}],"curies":[{"name":"wp","href":"https:\/\/api.w.org\/{rel}","templated":true}]}}