{"id":4857,"date":"2015-06-01T11:58:51","date_gmt":"2015-06-01T10:58:51","guid":{"rendered":"http:\/\/www.bratislavadesignweek.sk\/?p=4857"},"modified":"2024-09-25T12:13:39","modified_gmt":"2024-09-25T10:13:39","slug":"towards","status":"publish","type":"post","link":"https:\/\/www.bratislavadesignweek.sk\/en\/towards\/","title":{"rendered":"Towards"},"content":{"rendered":"<p>[vc_column_text pb_margin_bottom=&#8220;no&#8220; pb_border_bottom=&#8220;no&#8220; width=&#8220;1\/2&#8243; el_position=&#8220;first&#8220;]<\/p>\n<p class=\"impact-text\">Towards<\/p>\n<p>&nbsp;<\/p>\n<p>Design is a field where it is possible to dream without limits. Dreams often include, among other things, some elements of the future. What will it be like? Where are the limits and are there any limits at all?<\/p>\n<p>The works within the exhibition\u00a0<i>Towards\u00a0<\/i>are selected and composed to show diverse, rather experimental dimensions of reflection on design practice.\u00a0Starting from \u201csinging quartz crystal\u201d to the handbag for a stylish demonstrator\u2026<br \/>\nIt is about testing, searching for a new contact, content or identity of a designer\u2019s product\u2026<\/p>\n<p>&nbsp;<\/p>\n<p>exhibiting: Inga Semp\u00e9 (F), Karol Pichler (SK), Laura Couto Rosado (CH), Katharina Unger (A), Sofya Samareva (CZ), Simona Jani\u0161ov\u00e1 (SK), Sylvia Jokelov\u00e1, Bra\u0148o Laho (SK), Silvia Lovasov\u00e1 (SK), J\u00e1n \u0160icko (SK), Bra\u0148o Laho (SK)<\/p>\n<p>curator: \u013dubica Hust\u00e1<\/p>\n<p>[\/vc_column_text] [vc_column_text pb_margin_bottom=&#8220;no&#8220; pb_border_bottom=&#8220;no&#8220; width=&#8220;1\/2&#8243; el_position=&#8220;last&#8220;]<\/p>\n<p><a href=\"http:\/\/www.bratislavadesignweek.sk\/wp-content\/uploads\/2015\/04\/couto-rosado-3.jpg\"><img fetchpriority=\"high\" decoding=\"async\" class=\"alignnone size-large wp-image-4257\" src=\"http:\/\/www.bratislavadesignweek.sk\/wp-content\/uploads\/2015\/04\/couto-rosado-3-683x1024.jpg\" alt=\"couto-rosado-3\" width=\"683\" height=\"1024\" srcset=\"https:\/\/www.bratislavadesignweek.sk\/wp-content\/uploads\/2015\/04\/couto-rosado-3-683x1024.jpg 683w, https:\/\/www.bratislavadesignweek.sk\/wp-content\/uploads\/2015\/04\/couto-rosado-3-200x300.jpg 200w, https:\/\/www.bratislavadesignweek.sk\/wp-content\/uploads\/2015\/04\/couto-rosado-3.jpg 900w\" sizes=\"(max-width: 683px) 100vw, 683px\" \/><\/a><\/p>\n<p><a href=\"http:\/\/www.bratislavadesignweek.sk\/wp-content\/uploads\/2015\/04\/noname-2.jpeg\"><img decoding=\"async\" class=\"alignnone size-full wp-image-4262\" src=\"http:\/\/www.bratislavadesignweek.sk\/wp-content\/uploads\/2015\/04\/noname-2.jpeg\" alt=\"noname-2\" width=\"426\" height=\"640\" srcset=\"https:\/\/www.bratislavadesignweek.sk\/wp-content\/uploads\/2015\/04\/noname-2.jpeg 426w, https:\/\/www.bratislavadesignweek.sk\/wp-content\/uploads\/2015\/04\/noname-2-200x300.jpeg 200w\" sizes=\"(max-width: 426px) 100vw, 426px\" \/><\/a><\/p>\n<p><a href=\"http:\/\/www.bratislavadesignweek.sk\/wp-content\/uploads\/2015\/04\/Fungi-Mutarium-by-Katharina-Unger-e_dezeen_468_0.jpg\"><img decoding=\"async\" class=\"alignnone size-full wp-image-4253\" src=\"http:\/\/www.bratislavadesignweek.sk\/wp-content\/uploads\/2015\/04\/Fungi-Mutarium-by-Katharina-Unger-e_dezeen_468_0.jpg\" alt=\"Fungi-Mutarium-by-Katharina-Unger-e_dezeen_468_0\" width=\"468\" height=\"334\" srcset=\"https:\/\/www.bratislavadesignweek.sk\/wp-content\/uploads\/2015\/04\/Fungi-Mutarium-by-Katharina-Unger-e_dezeen_468_0.jpg 468w, https:\/\/www.bratislavadesignweek.sk\/wp-content\/uploads\/2015\/04\/Fungi-Mutarium-by-Katharina-Unger-e_dezeen_468_0-300x214.jpg 300w\" sizes=\"(max-width: 468px) 100vw, 468px\" \/><\/a><\/p>\n<p><a href=\"http:\/\/www.bratislavadesignweek.sk\/wp-content\/uploads\/2013\/09\/svietidl\u2020-pre-2013-W\u0104stberg-Inga-Semp\u0101.jpeg\"><img loading=\"lazy\" decoding=\"async\" class=\"alignnone size-large wp-image-4149\" src=\"http:\/\/www.bratislavadesignweek.sk\/wp-content\/uploads\/2013\/09\/svietidl\u2020-pre-2013-W\u0104stberg-Inga-Semp\u0101-1024x576.jpeg\" alt=\"svietidl\u2020 pre 2013 W\u0104stberg-Inga-Semp\u0101\" width=\"1024\" height=\"576\" srcset=\"https:\/\/www.bratislavadesignweek.sk\/wp-content\/uploads\/2013\/09\/svietidl\u2020-pre-2013-W\u0104stberg-Inga-Semp\u0101-1024x576.jpeg 1024w, https:\/\/www.bratislavadesignweek.sk\/wp-content\/uploads\/2013\/09\/svietidl\u2020-pre-2013-W\u0104stberg-Inga-Semp\u0101-300x169.jpeg 300w, https:\/\/www.bratislavadesignweek.sk\/wp-content\/uploads\/2013\/09\/svietidl\u2020-pre-2013-W\u0104stberg-Inga-Semp\u0101-1280x720.jpeg 1280w, https:\/\/www.bratislavadesignweek.sk\/wp-content\/uploads\/2013\/09\/svietidl\u2020-pre-2013-W\u0104stberg-Inga-Semp\u0101.jpeg 1920w\" sizes=\"(max-width: 1024px) 100vw, 1024px\" \/><\/a><\/p>\n<p><a href=\"http:\/\/www.bratislavadesignweek.sk\/wp-content\/uploads\/2015\/05\/replikanti-digital-DUX.jpg\"><img loading=\"lazy\" decoding=\"async\" class=\"alignnone size-full wp-image-4817\" src=\"http:\/\/www.bratislavadesignweek.sk\/wp-content\/uploads\/2015\/05\/replikanti-digital-DUX.jpg\" alt=\"replikanti - digital DUX\" width=\"667\" height=\"1000\" \/><\/a><\/p>\n<p>[\/vc_column_text]<\/p>","protected":false},"excerpt":{"rendered":"<p>[vc_column_text pb_margin_bottom=&#8220;no&#8220; pb_border_bottom=&#8220;no&#8220; width=&#8220;1\/2&#8243; el_position=&#8220;first&#8220;] Towards &nbsp; Design is a field where it is possible to dream without limits. Dreams often include, among other things, some elements of the future. What will it be like? Where are the limits and are there any limits at all? The works within the exhibition\u00a0Towards\u00a0are selected and composed to [&hellip;]<\/p>","protected":false},"author":5,"featured_media":0,"comment_status":"closed","ping_status":"closed","sticky":false,"template":"","format":"standard","meta":{"footnotes":""},"categories":[627],"tags":[583],"_links":{"self":[{"href":"https:\/\/www.bratislavadesignweek.sk\/en\/wp-json\/wp\/v2\/posts\/4857"}],"collection":[{"href":"https:\/\/www.bratislavadesignweek.sk\/en\/wp-json\/wp\/v2\/posts"}],"about":[{"href":"https:\/\/www.bratislavadesignweek.sk\/en\/wp-json\/wp\/v2\/types\/post"}],"author":[{"embeddable":true,"href":"https:\/\/www.bratislavadesignweek.sk\/en\/wp-json\/wp\/v2\/users\/5"}],"replies":[{"embeddable":true,"href":"https:\/\/www.bratislavadesignweek.sk\/en\/wp-json\/wp\/v2\/comments?post=4857"}],"version-history":[{"count":6,"href":"https:\/\/www.bratislavadesignweek.sk\/en\/wp-json\/wp\/v2\/posts\/4857\/revisions"}],"predecessor-version":[{"id":5094,"href":"https:\/\/www.bratislavadesignweek.sk\/en\/wp-json\/wp\/v2\/posts\/4857\/revisions\/5094"}],"wp:attachment":[{"href":"https:\/\/www.bratislavadesignweek.sk\/en\/wp-json\/wp\/v2\/media?parent=4857"}],"wp:term":[{"taxonomy":"category","embeddable":true,"href":"https:\/\/www.bratislavadesignweek.sk\/en\/wp-json\/wp\/v2\/categories?post=4857"},{"taxonomy":"post_tag","embeddable":true,"href":"https:\/\/www.bratislavadesignweek.sk\/en\/wp-json\/wp\/v2\/tags?post=4857"}],"curies":[{"name":"wp","href":"https:\/\/api.w.org\/{rel}","templated":true}]}}