{"id":4917,"date":"2015-06-03T13:09:51","date_gmt":"2015-06-03T12:09:51","guid":{"rendered":"http:\/\/www.bratislavadesignweek.sk\/?p=4917"},"modified":"2024-09-25T12:13:39","modified_gmt":"2024-09-25T10:13:39","slug":"katedra-vizualnej-komunikacie","status":"publish","type":"post","link":"https:\/\/www.bratislavadesignweek.sk\/en\/katedra-vizualnej-komunikacie\/","title":{"rendered":"Department of Visual Communication"},"content":{"rendered":"<p>[vc_column_text pb_margin_bottom=&#8220;no&#8220; pb_border_bottom=&#8220;no&#8220; width=&#8220;1\/2&#8243; el_position=&#8220;first&#8220;]<\/p>\n<p class=\"impact-text\">Department of Visual Communication, V\u0160VU, Bratislava<\/p>\n<p>&nbsp;<\/p>\n<p>The Academy of Fine Arts in Bratislava invites you to an exhibition of master's theses by students of the Department of Visual Communication, which will be installed during Bratislava Design Week on the 6th floor of the BADW headquarters at 14 Laurinsk\u00e1 Street.The presented projects map almost all disciplines of graphic design, including identity design, typeface design, original publications, spatial installations, interactive design and experimental typography. Don't miss this unique opportunity to get to know the rising talents live.<\/p>\n<p>&nbsp;<\/p>\n<p>[button colour=\"grey\" type=\"0\u2033 size=\"small\" link=\"http:\/\/www.vsvu.sk\" target=\"_self\"]www.vsvu.sk[\/button]<\/p>\n<p>[\/vc_column_text] [vc_column_text pb_margin_bottom=&#8220;no&#8220; pb_border_bottom=&#8220;no&#8220; width=&#8220;1\/2&#8243; el_position=&#8220;last&#8220;]<\/p>\n<p><a href=\"http:\/\/www.bratislavadesignweek.sk\/wp-content\/uploads\/2015\/06\/OBRAZ13.jpg\"><img fetchpriority=\"high\" decoding=\"async\" class=\"alignnone size-full wp-image-4919\" src=\"http:\/\/www.bratislavadesignweek.sk\/wp-content\/uploads\/2015\/06\/OBRAZ13.jpg\" alt=\"OBRAZ13\" width=\"667\" height=\"1000\" \/><\/a><\/p>\n<p>[\/vc_column_text]<\/p>","protected":false},"excerpt":{"rendered":"<p>[vc_column_text pb_margin_bottom=&#8220;no&#8220; pb_border_bottom=&#8220;no&#8220; width=&#8220;1\/2&#8243; el_position=&#8220;first&#8220;] Katedra vizu\u00e1lnej komunik\u00e1cie, V\u0160VU, Bratislava &nbsp; Vysok\u00e1 \u0161kola v\u00fdtvarn\u00fdch umen\u00ed v Bratislave V\u00e1s poz\u00fdva na v\u00fdstavu diplomov\u00fdch pr\u00e1c \u0161tudentov magistersk\u00e9ho \u0161t\u00fadia Katedry vizu\u00e1lnej komunik\u00e1cie, ktor\u00e9 bud\u00fa nain\u0161talovan\u00e9 po\u010das trvania Bratislava Design Week na 6. poschod\u00ed v centr\u00e1le BADW na Laurinskej\u00a0 ulici 14. Prezentovan\u00e9 projekty mapuj\u00fa takmer v\u0161etky discipl\u00edny grafick\u00e9ho dizajnu [&hellip;]<\/p>","protected":false},"author":5,"featured_media":0,"comment_status":"closed","ping_status":"closed","sticky":false,"template":"","format":"standard","meta":{"footnotes":""},"categories":[627,476],"tags":[591,317],"_links":{"self":[{"href":"https:\/\/www.bratislavadesignweek.sk\/en\/wp-json\/wp\/v2\/posts\/4917"}],"collection":[{"href":"https:\/\/www.bratislavadesignweek.sk\/en\/wp-json\/wp\/v2\/posts"}],"about":[{"href":"https:\/\/www.bratislavadesignweek.sk\/en\/wp-json\/wp\/v2\/types\/post"}],"author":[{"embeddable":true,"href":"https:\/\/www.bratislavadesignweek.sk\/en\/wp-json\/wp\/v2\/users\/5"}],"replies":[{"embeddable":true,"href":"https:\/\/www.bratislavadesignweek.sk\/en\/wp-json\/wp\/v2\/comments?post=4917"}],"version-history":[{"count":1,"href":"https:\/\/www.bratislavadesignweek.sk\/en\/wp-json\/wp\/v2\/posts\/4917\/revisions"}],"predecessor-version":[{"id":4920,"href":"https:\/\/www.bratislavadesignweek.sk\/en\/wp-json\/wp\/v2\/posts\/4917\/revisions\/4920"}],"wp:attachment":[{"href":"https:\/\/www.bratislavadesignweek.sk\/en\/wp-json\/wp\/v2\/media?parent=4917"}],"wp:term":[{"taxonomy":"category","embeddable":true,"href":"https:\/\/www.bratislavadesignweek.sk\/en\/wp-json\/wp\/v2\/categories?post=4917"},{"taxonomy":"post_tag","embeddable":true,"href":"https:\/\/www.bratislavadesignweek.sk\/en\/wp-json\/wp\/v2\/tags?post=4917"}],"curies":[{"name":"wp","href":"https:\/\/api.w.org\/{rel}","templated":true}]}}