{"id":4926,"date":"2015-06-03T13:46:01","date_gmt":"2015-06-03T12:46:01","guid":{"rendered":"http:\/\/www.bratislavadesignweek.sk\/?p=4926"},"modified":"2024-09-25T12:13:38","modified_gmt":"2024-09-25T10:13:38","slug":"gallery-nova","status":"publish","type":"post","link":"https:\/\/www.bratislavadesignweek.sk\/en\/gallery-nova\/","title":{"rendered":"Gallery NOVA"},"content":{"rendered":"<p>[vc_column_text pb_margin_bottom=&#8220;no&#8220; pb_border_bottom=&#8220;no&#8220; width=&#8220;1\/2&#8243; el_position=&#8220;first&#8220;]<\/p>\n<p class=\"impact-text\">Gallery\u00a0NOVA<\/p>\n<p>&nbsp;<\/p>\n<p>Luk\u00e1\u0161 Jab\u016frek, art director of noted glass company Moser, presents the design objects collection reflecting crystal form in Gallery NOVA.<\/p>\n<p>&nbsp;<\/p>\n<p>[button colour=&#8220;grey&#8220; type=&#8220;0&#8243; size=&#8220;small&#8220; link=&#8220;http:\/\/www.galeria-nova.sk\/index.php?id=9&amp;L=1&#8243; target=&#8220;_self&#8220;]www.galeria-nova.sk[\/button]<\/p>\n<p>[\/vc_column_text] [vc_column_text pb_margin_bottom=&#8220;no&#8220; pb_border_bottom=&#8220;no&#8220; width=&#8220;1\/2&#8243; el_position=&#8220;last&#8220;]<\/p>\n<p><a href=\"http:\/\/www.bratislavadesignweek.sk\/wp-content\/uploads\/2015\/06\/city-kolekcia.jpg\"><img fetchpriority=\"high\" decoding=\"async\" class=\"alignnone size-full wp-image-4997\" src=\"http:\/\/www.bratislavadesignweek.sk\/wp-content\/uploads\/2015\/06\/city-kolekcia.jpg\" alt=\"city kolekcia\" width=\"1000\" height=\"750\" srcset=\"https:\/\/www.bratislavadesignweek.sk\/wp-content\/uploads\/2015\/06\/city-kolekcia.jpg 1000w, https:\/\/www.bratislavadesignweek.sk\/wp-content\/uploads\/2015\/06\/city-kolekcia-300x225.jpg 300w, https:\/\/www.bratislavadesignweek.sk\/wp-content\/uploads\/2015\/06\/city-kolekcia-94x70.jpg 94w, https:\/\/www.bratislavadesignweek.sk\/wp-content\/uploads\/2015\/06\/city-kolekcia-600x450.jpg 600w, https:\/\/www.bratislavadesignweek.sk\/wp-content\/uploads\/2015\/06\/city-kolekcia-900x675.jpg 900w\" sizes=\"(max-width: 1000px) 100vw, 1000px\" \/><\/a><\/p>\n<p>&nbsp;<\/p>\n<p>[\/vc_column_text]<\/p>","protected":false},"excerpt":{"rendered":"<p>[vc_column_text pb_margin_bottom=&#8220;no&#8220; pb_border_bottom=&#8220;no&#8220; width=&#8220;1\/2&#8243; el_position=&#8220;first&#8220;] Gallery\u00a0NOVA &nbsp; Luk\u00e1\u0161 Jab\u016frek, art director of noted glass company Moser, presents the design objects collection reflecting crystal form in Gallery NOVA. &nbsp; [button colour=&#8220;grey&#8220; type=&#8220;0&#8243; size=&#8220;small&#8220; link=&#8220;http:\/\/www.galeria-nova.sk\/index.php?id=9&amp;L=1&#8243; target=&#8220;_self&#8220;]www.galeria-nova.sk[\/button] [\/vc_column_text] [vc_column_text pb_margin_bottom=&#8220;no&#8220; pb_border_bottom=&#8220;no&#8220; width=&#8220;1\/2&#8243; el_position=&#8220;last&#8220;] &nbsp; [\/vc_column_text]<\/p>","protected":false},"author":5,"featured_media":0,"comment_status":"closed","ping_status":"closed","sticky":false,"template":"","format":"standard","meta":{"footnotes":""},"categories":[627,477],"tags":[595,594],"_links":{"self":[{"href":"https:\/\/www.bratislavadesignweek.sk\/en\/wp-json\/wp\/v2\/posts\/4926"}],"collection":[{"href":"https:\/\/www.bratislavadesignweek.sk\/en\/wp-json\/wp\/v2\/posts"}],"about":[{"href":"https:\/\/www.bratislavadesignweek.sk\/en\/wp-json\/wp\/v2\/types\/post"}],"author":[{"embeddable":true,"href":"https:\/\/www.bratislavadesignweek.sk\/en\/wp-json\/wp\/v2\/users\/5"}],"replies":[{"embeddable":true,"href":"https:\/\/www.bratislavadesignweek.sk\/en\/wp-json\/wp\/v2\/comments?post=4926"}],"version-history":[{"count":2,"href":"https:\/\/www.bratislavadesignweek.sk\/en\/wp-json\/wp\/v2\/posts\/4926\/revisions"}],"predecessor-version":[{"id":5000,"href":"https:\/\/www.bratislavadesignweek.sk\/en\/wp-json\/wp\/v2\/posts\/4926\/revisions\/5000"}],"wp:attachment":[{"href":"https:\/\/www.bratislavadesignweek.sk\/en\/wp-json\/wp\/v2\/media?parent=4926"}],"wp:term":[{"taxonomy":"category","embeddable":true,"href":"https:\/\/www.bratislavadesignweek.sk\/en\/wp-json\/wp\/v2\/categories?post=4926"},{"taxonomy":"post_tag","embeddable":true,"href":"https:\/\/www.bratislavadesignweek.sk\/en\/wp-json\/wp\/v2\/tags?post=4926"}],"curies":[{"name":"wp","href":"https:\/\/api.w.org\/{rel}","templated":true}]}}