{"id":4940,"date":"2015-06-04T09:47:41","date_gmt":"2015-06-04T08:47:41","guid":{"rendered":"http:\/\/www.bratislavadesignweek.sk\/?p=4940"},"modified":"2024-09-25T12:13:38","modified_gmt":"2024-09-25T10:13:38","slug":"%d1%80aneuropska-vysoka-skola-fakulta-masmedii-ustav-dizajnu-medii","status":"publish","type":"post","link":"https:\/\/www.bratislavadesignweek.sk\/en\/%d1%80aneuropska-vysoka-skola-fakulta-masmedii-ustav-dizajnu-medii\/","title":{"rendered":"European University of Technology, Faculty of Mass Media - Institute of Media Design"},"content":{"rendered":"<p>[vc_column_text pb_margin_bottom=&#8220;no&#8220; pb_border_bottom=&#8220;no&#8220; width=&#8220;1\/2&#8243; el_position=&#8220;first&#8220;]<\/p>\n<p class=\"impact-text\">European University of Technology, Faculty of Mass Media - Institute of Media Design<\/p>\n<p>&nbsp;<\/p>\n<p>Sny\u010cB<br \/>\nKon\u0161pira\u010dn\u00e9 te\u00f3rie ako romantick\u00e9 diela \u2013 \u010diernobiele svety s mo\u017enos\u0165ou Poznania. In\u0161tal\u00e1cia vych\u00e1dza zo zadania pre \u0161tudentov Paneur\u00f3pskej vysokej \u0161koly interpretova\u0165 niektor\u00e9 z nich. Je tie\u017e n\u00e1strojom pre div\u00e1kov, ktor\u00ed k nim m\u00f4\u017eu prid\u00e1va\u0165 vlastn\u00e9.<\/p>\n<p>&nbsp;<\/p>\n<p>\u00dastav dizajnu m\u00e9di\u00ed bol zalo\u017een\u00fd pod veden\u00edm prof. PhDr. Dagmar In\u0161titorisovej, PhD. 1. okt\u00f3bra 2013 transformovan\u00edm oddelenia multimedi\u00e1lnej tvorby \u00dastavu medi\u00e1lnej tvorby (oddelenie do 31. 8. 2013 viedol prof. Ing. J\u00e1n Gre\u010dn\u00e1r, ArtD.) a nadviazan\u00edm na \u0161tudijn\u00fd program Dizajn elektronick\u00fdch a printov\u00fdch m\u00e9di\u00ed, ktor\u00fd vytvorila a od roku 2009 do 2012 garantovala prof. PaedDr. Bo\u017eena \u0160up\u0161\u00e1kov\u00e1, PhD.<br \/>\nNa jeho p\u00f4de sa realizuje bakal\u00e1rsky a magistersk\u00fd stupe\u0148 \u0161tudijn\u00e9ho programu dizajn m\u00e9di\u00ed, v r\u00e1mci ktor\u00e9ho sa m\u00f4\u017eu \u0161tudenti \u0161pecializova\u0165 na tri z\u00e1kladn\u00e9 typy dizajnu:<br \/>\n\u2022 grafick\u00fd dizajn (Bc.: kult\u00fara obrazu, ilustra\u010dn\u00e1 tvorba, typografia a dizajn, Mgr.: vizu\u00e1lna komunik\u00e1cia, dizajn obrazu, motion dizajn)<br \/>\n\u2022 dizajn fotografie (Bc.: techniky fotografie, fotografia, postrodukcia fotografie, Mgr.: fotografick\u00e1 tvorba, digit\u00e1lne postproduk\u010dn\u00e9 \u00fapravy fotografie)<br \/>\n\u2022 \u0161pecializ\u00e1cie audiovizu\u00e1lneho dizajnu (Bc.: AV dizajn (kamery), 2D a 3D anim\u00e1cia, zvukov\u00fd dizajn a digit\u00e1lny zvuk, Mgr.: telev\u00edzna grafika, zvukov\u00fd dizajn a digit\u00e1lny zvuk)<\/p>\n<p>[button colour=&#8220;grey&#8220; type=&#8220;0&#8243; size=&#8220;small&#8220; link=&#8220;http:\/\/www.paneurouni.com\/sk\/fakulty\/fakulta-masmedii\/pre-studentov\/sprievodca-studiom\/&#8220; target=&#8220;_self&#8220;]www.paneurouni.com[\/button]<\/p>\n<p>[\/vc_column_text] [vc_column_text pb_margin_bottom=&#8220;no&#8220; pb_border_bottom=&#8220;no&#8220; width=&#8220;1\/2&#8243; el_position=&#8220;last&#8220;]<\/p>\n<p><a href=\"http:\/\/www.bratislavadesignweek.sk\/wp-content\/uploads\/2015\/06\/Screen-Shot-2015-06-04-at-10.41.211.jpg\"><img fetchpriority=\"high\" decoding=\"async\" class=\"aligncenter size-full wp-image-4942\" src=\"http:\/\/www.bratislavadesignweek.sk\/wp-content\/uploads\/2015\/06\/Screen-Shot-2015-06-04-at-10.41.211.jpg\" alt=\"Screen Shot 2015-06-04 at 10.41.21\" width=\"778\" height=\"399\" srcset=\"https:\/\/www.bratislavadesignweek.sk\/wp-content\/uploads\/2015\/06\/Screen-Shot-2015-06-04-at-10.41.211.jpg 778w, https:\/\/www.bratislavadesignweek.sk\/wp-content\/uploads\/2015\/06\/Screen-Shot-2015-06-04-at-10.41.211-300x154.jpg 300w\" sizes=\"(max-width: 778px) 100vw, 778px\" \/><\/a><\/p>\n<p>&nbsp;<\/p>\n<p>[\/vc_column_text]<\/p>","protected":false},"excerpt":{"rendered":"<p>[vc_column_text pb_margin_bottom=&#8220;no&#8220; pb_border_bottom=&#8220;no&#8220; width=&#8220;1\/2&#8243; el_position=&#8220;first&#8220;] \u0420aneur\u00f3pska vysok\u00e1 \u0161kola, Fakulta masm\u00e9di\u00ed \u2013 \u00dastav dizajnu m\u00e9di\u00ed &nbsp; Sny\u010cB Kon\u0161pira\u010dn\u00e9 te\u00f3rie ako romantick\u00e9 diela \u2013 \u010diernobiele svety s mo\u017enos\u0165ou Poznania. In\u0161tal\u00e1cia vych\u00e1dza zo zadania pre \u0161tudentov Paneur\u00f3pskej vysokej \u0161koly interpretova\u0165 niektor\u00e9 z nich. Je tie\u017e n\u00e1strojom pre div\u00e1kov, ktor\u00ed k nim m\u00f4\u017eu prid\u00e1va\u0165 vlastn\u00e9. &nbsp; \u00dastav dizajnu m\u00e9di\u00ed [&hellip;]<\/p>","protected":false},"author":2,"featured_media":0,"comment_status":"closed","ping_status":"closed","sticky":false,"template":"","format":"standard","meta":{"footnotes":""},"categories":[627,476],"tags":[603,602],"_links":{"self":[{"href":"https:\/\/www.bratislavadesignweek.sk\/en\/wp-json\/wp\/v2\/posts\/4940"}],"collection":[{"href":"https:\/\/www.bratislavadesignweek.sk\/en\/wp-json\/wp\/v2\/posts"}],"about":[{"href":"https:\/\/www.bratislavadesignweek.sk\/en\/wp-json\/wp\/v2\/types\/post"}],"author":[{"embeddable":true,"href":"https:\/\/www.bratislavadesignweek.sk\/en\/wp-json\/wp\/v2\/users\/2"}],"replies":[{"embeddable":true,"href":"https:\/\/www.bratislavadesignweek.sk\/en\/wp-json\/wp\/v2\/comments?post=4940"}],"version-history":[{"count":3,"href":"https:\/\/www.bratislavadesignweek.sk\/en\/wp-json\/wp\/v2\/posts\/4940\/revisions"}],"predecessor-version":[{"id":4945,"href":"https:\/\/www.bratislavadesignweek.sk\/en\/wp-json\/wp\/v2\/posts\/4940\/revisions\/4945"}],"wp:attachment":[{"href":"https:\/\/www.bratislavadesignweek.sk\/en\/wp-json\/wp\/v2\/media?parent=4940"}],"wp:term":[{"taxonomy":"category","embeddable":true,"href":"https:\/\/www.bratislavadesignweek.sk\/en\/wp-json\/wp\/v2\/categories?post=4940"},{"taxonomy":"post_tag","embeddable":true,"href":"https:\/\/www.bratislavadesignweek.sk\/en\/wp-json\/wp\/v2\/tags?post=4940"}],"curies":[{"name":"wp","href":"https:\/\/api.w.org\/{rel}","templated":true}]}}